{"id":43635,"date":"2020-03-26T18:06:55","date_gmt":"2020-03-26T22:06:55","guid":{"rendered":"http:\/\/www.brazilianpress.com\/v1\/?p=43635"},"modified":"2020-03-26T18:06:55","modified_gmt":"2020-03-26T22:06:55","slug":"apos-23-anos-pela-primeira-vez-brazilian-press-nao-imprime-jornal","status":"publish","type":"post","link":"https:\/\/www.brazilianpress.com\/v1\/2020\/03\/26\/apos-23-anos-pela-primeira-vez-brazilian-press-nao-imprime-jornal\/","title":{"rendered":"Ap\u00f3s 23 anos, pela primeira vez, Brazilian Press n\u00e3o imprime jornal"},"content":{"rendered":"<div id=\"m_-1104625105429200842gmail-js_2o\">\n<div id=\"m_-1104625105429200842gmail-id_5e7d1c961e87a1d09972250\">Ap\u00f3s 23 anos de circula\u00e7\u00e3o ininterrupta com mais de 1984 edi\u00e7\u00f5es que circularam em 12 estados nos EUA, o B.P, em mar\u00e7o de 2020, por causa da quarentena do coronav\u00edrus, opta em n\u00e3o imprimir o jornal e focar na not\u00edcia online.O jornal j\u00e1 circulou nas mais diferentes condi\u00e7\u00f5es clim\u00e1ticas como furac\u00f5es, nevascas e tantas outras intemp\u00e9ries. Mas esta semana um inimigo invis\u00edvel interrompe nossa caminhada na miss\u00e3o de unir, servir e informar aos que ainda optam pela leitura impressa.<\/p>\n<div>\n<p>Voltaremos assim que os nossos principais parceiros voltarem \u00e0s suas atividades cotidianas, reabrindo as portas de suas empresas.<\/p>\n<p>Somos solid\u00e1rio a voc\u00eas companheiros de jornada e estamos em reclus\u00e3o social, orando por dias melhores e certos que eles est\u00e3o a caminho.<\/p>\n<p>Sa\u00cdremos mais fortalecidos, imigrantes e americanos.<\/p>\n<p><strong>We never give up!<\/strong><\/p>\n<\/div>\n<\/div>\n<\/div>\n","protected":false},"excerpt":{"rendered":"<p>Ap\u00f3s 23 anos de circula\u00e7\u00e3o ininterrupta com mais de 1984 edi\u00e7\u00f5es que circularam em 12 estados nos EUA, o B.P, em mar\u00e7o de 2020, por causa da quarentena do coronav\u00edrus, opta em n\u00e3o imprimir o jornal e focar na not\u00edcia online.O jornal j\u00e1 circulou nas mais diferentes condi\u00e7\u00f5es clim\u00e1ticas como furac\u00f5es, nevascas e tantas outras intemp\u00e9ries. Mas esta semana um inimigo invis\u00edvel interrompe nossa caminhada na miss\u00e3o de unir, servir e informar aos que ainda optam pela leitura impressa. Voltaremos assim que os nossos principais parceiros voltarem \u00e0s suas atividades cotidianas, reabrindo as portas de suas empresas. Somos solid\u00e1rio a [&hellip;]<\/p>\n","protected":false},"author":1,"featured_media":43636,"comment_status":"open","ping_status":"open","sticky":false,"template":"","format":"standard","meta":{"_links_to":"","_links_to_target":""},"categories":[4,3,1],"tags":[],"views":1112,"_links":{"self":[{"href":"https:\/\/www.brazilianpress.com\/v1\/wp-json\/wp\/v2\/posts\/43635"}],"collection":[{"href":"https:\/\/www.brazilianpress.com\/v1\/wp-json\/wp\/v2\/posts"}],"about":[{"href":"https:\/\/www.brazilianpress.com\/v1\/wp-json\/wp\/v2\/types\/post"}],"author":[{"embeddable":true,"href":"https:\/\/www.brazilianpress.com\/v1\/wp-json\/wp\/v2\/users\/1"}],"replies":[{"embeddable":true,"href":"https:\/\/www.brazilianpress.com\/v1\/wp-json\/wp\/v2\/comments?post=43635"}],"version-history":[{"count":1,"href":"https:\/\/www.brazilianpress.com\/v1\/wp-json\/wp\/v2\/posts\/43635\/revisions"}],"predecessor-version":[{"id":43637,"href":"https:\/\/www.brazilianpress.com\/v1\/wp-json\/wp\/v2\/posts\/43635\/revisions\/43637"}],"wp:featuredmedia":[{"embeddable":true,"href":"https:\/\/www.brazilianpress.com\/v1\/wp-json\/wp\/v2\/media\/43636"}],"wp:attachment":[{"href":"https:\/\/www.brazilianpress.com\/v1\/wp-json\/wp\/v2\/media?parent=43635"}],"wp:term":[{"taxonomy":"category","embeddable":true,"href":"https:\/\/www.brazilianpress.com\/v1\/wp-json\/wp\/v2\/categories?post=43635"},{"taxonomy":"post_tag","embeddable":true,"href":"https:\/\/www.brazilianpress.com\/v1\/wp-json\/wp\/v2\/tags?post=43635"}],"curies":[{"name":"wp","href":"https:\/\/api.w.org\/{rel}","templated":true}]}}