{"id":43684,"date":"2020-04-03T12:15:24","date_gmt":"2020-04-03T16:15:24","guid":{"rendered":"https:\/\/www.brazilianpress.com\/v1\/?p=43684"},"modified":"2020-04-03T12:15:24","modified_gmt":"2020-04-03T16:15:24","slug":"coronavirus-eua-cortaram-701-mil-vagas-de-emprego-em-marco-diz-departamento-do-trabalho","status":"publish","type":"post","link":"https:\/\/www.brazilianpress.com\/v1\/2020\/04\/03\/coronavirus-eua-cortaram-701-mil-vagas-de-emprego-em-marco-diz-departamento-do-trabalho\/","title":{"rendered":"Coronav\u00edrus: EUA cortaram 701 mil vagas de emprego em mar\u00e7o, diz Departamento do Trabalho"},"content":{"rendered":"<p><strong>O Departamento do Trabalho nos Estados Unidos informou nesta sexta-feira, 3, que os empregadores cortaram cerca de 701 mil vagas de emprego em mar\u00e7o, depois de criarem 275 mil em dado revisado em fevereiro.<\/strong><\/p>\n<p>Com os dados do relat\u00f3rio, conhecido com Payroll, a economia dos EUA encerrou um hist\u00f3rico de 113 meses seguidos de crescimento do emprego, \u00e0 medida que a\u00e7\u00f5es para combater a pandemia do novo coronav\u00edrus prejudicam empresas e f\u00e1bricas.<\/p>\n<p>Dessa forma, a taxa de desemprego disparou para 4,4%, ante 3,5% em fevereiro, o menor n\u00edvel em 50 anos. A estimativa dos economistas da Bloomberg era de que o desemprego subisse a 3,8%. Segundo a ag\u00eancia France Presse, esta \u00e9 a maior perda de empregos desde mar\u00e7o de 2009, quando houve uma crise financeira.<\/p>\n<p>Contudo, o relat\u00f3rio divulgado hoje reflete apenas parte dos impactos econ\u00f4micos gerados pelo Covid-19, uma vez que o governo americano pesquisou empresas e fam\u00edlias em meados de mar\u00e7o, antes que uma grande parte da popula\u00e7\u00e3o estivesse em algum tipo de isolamento. \u201cA economia caiu no abismo\u201d, disse Chris Rupkey, economista-chefe do MUFG em Nova York. \u201cPara todos os lugares que voc\u00ea olha, Washington e os governos estaduais n\u00e3o estavam preparados para a r\u00e1pida dissemina\u00e7\u00e3o do v\u00edrus e os danos devastadores que seriam causados \u00e0 economia se as empresas fossem fechadas e os trabalhadores enviados para casa.\u201d<\/p>\n","protected":false},"excerpt":{"rendered":"<p>O Departamento do Trabalho nos Estados Unidos informou nesta sexta-feira, 3, que os empregadores cortaram cerca de 701 mil vagas de emprego em mar\u00e7o, depois de criarem 275 mil em dado revisado em fevereiro. Com os dados do relat\u00f3rio, conhecido com Payroll, a economia dos EUA encerrou um hist\u00f3rico de 113 meses seguidos de crescimento do emprego, \u00e0 medida que a\u00e7\u00f5es para combater a pandemia do novo coronav\u00edrus prejudicam empresas e f\u00e1bricas. Dessa forma, a taxa de desemprego disparou para 4,4%, ante 3,5% em fevereiro, o menor n\u00edvel em 50 anos. A estimativa dos economistas da Bloomberg era de que [&hellip;]<\/p>\n","protected":false},"author":1,"featured_media":43686,"comment_status":"open","ping_status":"open","sticky":false,"template":"","format":"standard","meta":{"_links_to":"","_links_to_target":""},"categories":[4,3,1],"tags":[],"views":1025,"_links":{"self":[{"href":"https:\/\/www.brazilianpress.com\/v1\/wp-json\/wp\/v2\/posts\/43684"}],"collection":[{"href":"https:\/\/www.brazilianpress.com\/v1\/wp-json\/wp\/v2\/posts"}],"about":[{"href":"https:\/\/www.brazilianpress.com\/v1\/wp-json\/wp\/v2\/types\/post"}],"author":[{"embeddable":true,"href":"https:\/\/www.brazilianpress.com\/v1\/wp-json\/wp\/v2\/users\/1"}],"replies":[{"embeddable":true,"href":"https:\/\/www.brazilianpress.com\/v1\/wp-json\/wp\/v2\/comments?post=43684"}],"version-history":[{"count":1,"href":"https:\/\/www.brazilianpress.com\/v1\/wp-json\/wp\/v2\/posts\/43684\/revisions"}],"predecessor-version":[{"id":43687,"href":"https:\/\/www.brazilianpress.com\/v1\/wp-json\/wp\/v2\/posts\/43684\/revisions\/43687"}],"wp:featuredmedia":[{"embeddable":true,"href":"https:\/\/www.brazilianpress.com\/v1\/wp-json\/wp\/v2\/media\/43686"}],"wp:attachment":[{"href":"https:\/\/www.brazilianpress.com\/v1\/wp-json\/wp\/v2\/media?parent=43684"}],"wp:term":[{"taxonomy":"category","embeddable":true,"href":"https:\/\/www.brazilianpress.com\/v1\/wp-json\/wp\/v2\/categories?post=43684"},{"taxonomy":"post_tag","embeddable":true,"href":"https:\/\/www.brazilianpress.com\/v1\/wp-json\/wp\/v2\/tags?post=43684"}],"curies":[{"name":"wp","href":"https:\/\/api.w.org\/{rel}","templated":true}]}}