{"id":45039,"date":"2020-08-10T09:41:48","date_gmt":"2020-08-10T13:41:48","guid":{"rendered":"https:\/\/www.brazilianpress.com\/v1\/?p=45039"},"modified":"2020-08-10T09:41:48","modified_gmt":"2020-08-10T13:41:48","slug":"nos-eua-mais-de-97-mil-criancas-tiveram-covid-19-no-fim-de-julho-diz-estudo","status":"publish","type":"post","link":"https:\/\/www.brazilianpress.com\/v1\/2020\/08\/10\/nos-eua-mais-de-97-mil-criancas-tiveram-covid-19-no-fim-de-julho-diz-estudo\/","title":{"rendered":"Nos EUA, mais de 97 mil crian\u00e7as tiveram Covid-19 no fim de julho, diz estudo"},"content":{"rendered":"<p><strong>Nos Estados Unidos, mais de 97 mil crian\u00e7as tiveram Covid-19 nas duas \u00faltimas semanas de julho, segundo estudo da Academia Americana de Pediatria e da &#8220;Children&#8217;s Hospital Association&#8221;. No per\u00edodo, as escolas ainda estavam fechadas, por causa da pandemia do novo coronav\u00edrus.<\/strong><\/p>\n<p>As aulas presenciais foram retomadas no pa\u00eds no in\u00edcio de agosto, mas apenas em alguns Estados, como Indiana, Kentucky, Mississippi, Georgia e Tennessee. A maioria ainda mant\u00e9m as aulas on-line ou adota um sistema h\u00edbrido, que mistura o ensino remoto e o presencial. O alto n\u00famero de infec\u00e7\u00f5es entre crian\u00e7as acende um alerta: familiares e professores se preocupam com os riscos de contamina\u00e7\u00e3o na volta \u00e0s aulas.<\/p>\n<p>Apesar de os estudos mostrarem que, na inf\u00e2ncia, a probabilidade de desenvolver um quadro grave de Covid-19 \u00e9 menor, cientistas afirmaram, recentemente, que crian\u00e7as com menos de 5 anos podem carregar uma carga viral maior. Ainda \u00e9 preciso entender se isso aumenta a capacidade de transmiss\u00e3o do Sars-CoV-2.<\/p>\n","protected":false},"excerpt":{"rendered":"<p>Nos Estados Unidos, mais de 97 mil crian\u00e7as tiveram Covid-19 nas duas \u00faltimas semanas de julho, segundo estudo da Academia Americana de Pediatria e da &#8220;Children&#8217;s Hospital Association&#8221;. No per\u00edodo, as escolas ainda estavam fechadas, por causa da pandemia do novo coronav\u00edrus. As aulas presenciais foram retomadas no pa\u00eds no in\u00edcio de agosto, mas apenas em alguns Estados, como Indiana, Kentucky, Mississippi, Georgia e Tennessee. A maioria ainda mant\u00e9m as aulas on-line ou adota um sistema h\u00edbrido, que mistura o ensino remoto e o presencial. O alto n\u00famero de infec\u00e7\u00f5es entre crian\u00e7as acende um alerta: familiares e professores se preocupam [&hellip;]<\/p>\n","protected":false},"author":1,"featured_media":45040,"comment_status":"open","ping_status":"open","sticky":false,"template":"","format":"standard","meta":{"_links_to":"","_links_to_target":""},"categories":[4,3,1],"tags":[],"views":1082,"_links":{"self":[{"href":"https:\/\/www.brazilianpress.com\/v1\/wp-json\/wp\/v2\/posts\/45039"}],"collection":[{"href":"https:\/\/www.brazilianpress.com\/v1\/wp-json\/wp\/v2\/posts"}],"about":[{"href":"https:\/\/www.brazilianpress.com\/v1\/wp-json\/wp\/v2\/types\/post"}],"author":[{"embeddable":true,"href":"https:\/\/www.brazilianpress.com\/v1\/wp-json\/wp\/v2\/users\/1"}],"replies":[{"embeddable":true,"href":"https:\/\/www.brazilianpress.com\/v1\/wp-json\/wp\/v2\/comments?post=45039"}],"version-history":[{"count":1,"href":"https:\/\/www.brazilianpress.com\/v1\/wp-json\/wp\/v2\/posts\/45039\/revisions"}],"predecessor-version":[{"id":45041,"href":"https:\/\/www.brazilianpress.com\/v1\/wp-json\/wp\/v2\/posts\/45039\/revisions\/45041"}],"wp:featuredmedia":[{"embeddable":true,"href":"https:\/\/www.brazilianpress.com\/v1\/wp-json\/wp\/v2\/media\/45040"}],"wp:attachment":[{"href":"https:\/\/www.brazilianpress.com\/v1\/wp-json\/wp\/v2\/media?parent=45039"}],"wp:term":[{"taxonomy":"category","embeddable":true,"href":"https:\/\/www.brazilianpress.com\/v1\/wp-json\/wp\/v2\/categories?post=45039"},{"taxonomy":"post_tag","embeddable":true,"href":"https:\/\/www.brazilianpress.com\/v1\/wp-json\/wp\/v2\/tags?post=45039"}],"curies":[{"name":"wp","href":"https:\/\/api.w.org\/{rel}","templated":true}]}}