{"id":45066,"date":"2020-08-11T17:55:18","date_gmt":"2020-08-11T21:55:18","guid":{"rendered":"https:\/\/www.brazilianpress.com\/v1\/?p=45066"},"modified":"2020-08-11T17:55:18","modified_gmt":"2020-08-11T21:55:18","slug":"filha-de-imigrantes-kamala-harris-e-escolhida-vice-presidente-na-chapa-de-joe-biden","status":"publish","type":"post","link":"https:\/\/www.brazilianpress.com\/v1\/2020\/08\/11\/filha-de-imigrantes-kamala-harris-e-escolhida-vice-presidente-na-chapa-de-joe-biden\/","title":{"rendered":"Filha de imigrantes, Kamala Harris \u00e9 escolhida vice-presidente na chapa de Joe Biden"},"content":{"rendered":"<p><strong>O candidato do Partido Democrata \u00e0 Presid\u00eancia dos EUA, Joe Biden, escolheu como companheira de chapa a senadora Kamala Harris, de 55 anos. Caso ven\u00e7am Donald Trump nas elei\u00e7\u00f5es de novembro, ela ser\u00e1 a primeira mulher eleita a ocupar o cargo de vice-presidente dos Estados Unidos.<\/strong><\/p>\n<blockquote class=\"twitter-tweet\" data-width=\"550\" data-dnt=\"true\">\n<p lang=\"en\" dir=\"ltr\">I have the great honor to announce that I\u2019ve picked <a href=\"https:\/\/twitter.com\/KamalaHarris?ref_src=twsrc%5Etfw\">@KamalaHarris<\/a> \u2014 a fearless fighter for the little guy, and one of the country\u2019s finest public servants \u2014 as my running mate.<\/p>\n<p>&mdash; Joe Biden (@JoeBiden) <a href=\"https:\/\/twitter.com\/JoeBiden\/status\/1293280411150217219?ref_src=twsrc%5Etfw\">August 11, 2020<\/a><\/p><\/blockquote>\n<p><script async src=\"https:\/\/platform.twitter.com\/widgets.js\" charset=\"utf-8\"><\/script><\/p>\n<p>Biden usou as redes sociais para anunciar o nome de Harris nesta ter\u00e7a-feira (11) e oficializar a promessa de ter uma mulher como candidata a vice na corrida presidencial. &#8220;Eu tenho a grande honra de anunciar que escolhi Kamala Harris \u2014 uma lutadora destemida pelos pequenos e uma das melhores servidores p\u00fablicas do pa\u00eds \u2014 como minha parceira de chapa&#8221;, escreveu. O candidato a presidente mencionou o filho morto em 2015, Beau Biden, que tamb\u00e9m atuou como procurador. Segundo ele, os dois trabalharam juntos. &#8220;Eu era orgulhoso deles, e agora sinto orgulho de t\u00ea-la como minha parceira nesta campanha&#8221;, disse.<\/p>\n<blockquote class=\"twitter-tweet\" data-width=\"550\" data-dnt=\"true\">\n<p lang=\"en\" dir=\"ltr\">.<a href=\"https:\/\/twitter.com\/JoeBiden?ref_src=twsrc%5Etfw\">@JoeBiden<\/a> can unify the American people because he&#39;s spent his life fighting for us. And as president, he&#39;ll build an America that lives up to our ideals.<\/p>\n<p>I&#39;m honored to join him as our party&#39;s nominee for Vice President, and do what it takes to make him our Commander-in-Chief.<\/p>\n<p>&mdash; Kamala Harris (@KamalaHarris) <a href=\"https:\/\/twitter.com\/KamalaHarris\/status\/1293290197103390721?ref_src=twsrc%5Etfw\">August 11, 2020<\/a><\/p><\/blockquote>\n<p><script async src=\"https:\/\/platform.twitter.com\/widgets.js\" charset=\"utf-8\"><\/script><\/p>\n<p>Kamala tamb\u00e9m usou o Twitter para agradecer Biden pela indica\u00e7\u00e3o e disse que o parceiro de chapa &#8220;pode unificar o povo americano&#8221;. &#8220;E, como presidente, ele vai construir um pa\u00eds que vai ser bom para nossos ideais&#8221;, completou. &#8220;Estou honrada em acompanh\u00e1-lo como nosso indicado do partido como vice-presidente, e fazer o que for poss\u00edvel para torn\u00e1-lo nosso comandante chefe&#8221;, tuitou.<\/p>\n<p><img src=\"https:\/\/ewscripps.brightspotcdn.com\/dims4\/default\/545b8dc\/2147483647\/strip\/true\/crop\/2698x1518+0+142\/resize\/1280x720!\/quality\/90\/?url=https%3A%2F%2Fewscripps.brightspotcdn.com%2Ffc%2F3f%2F34fa7a7b49599b0a974bf6de83f7%2Fap-20106749989202.jpg\" alt=\"Joe Biden chooses Kamala Harris as vice presidential running mate\" \/><\/p>\n<p><strong>Quem \u00e9 Kamala Harris<\/strong><\/p>\n<p>Senadora pelo estado da Calif\u00f3rnia desde 2017, Harris chegou a se apresentar como pr\u00e9-candidata \u00e0 Casa Branca e liderou algumas das pesquisas internas do Partido Democrata. No entanto, foi perdendo apoio at\u00e9 deixar de vez a corrida presidencial. Harris nasceu de pais imigrantes: um pai jamaicano e uma m\u00e3e indiana, que, inclusive, se notabilizou pela pesquisa na \u00e1rea de c\u00e2ncer e como ativista de direitos civis. Formada em direito e ex-procuradora do Distrito de San Francisco e do estado da Calif\u00f3rnia, a agora candidata a vice ganhou proje\u00e7\u00e3o nacional ao questionar duramente , em sabatinas no Senado, indicados por Trump para cargos de juiz da Suprema Corte e de Secret\u00e1rio de Justi\u00e7a.<\/p>\n<p><img src=\"https:\/\/cdnbr1.img.sputniknews.com\/img\/07e4\/08\/0b\/15939508_0:0:2178:1180_1000x541_80_0_0_a5a2eb1248407c9a26d79a23b6999b86.jpg\" alt=\"EUA: Joe Biden aponta senadora Kamala Harris como vice-presidente ...\" \/><\/p>\n","protected":false},"excerpt":{"rendered":"<p>O candidato do Partido Democrata \u00e0 Presid\u00eancia dos EUA, Joe Biden, escolheu como companheira de chapa a senadora Kamala Harris, de 55 anos. Caso ven\u00e7am Donald Trump nas elei\u00e7\u00f5es de novembro, ela ser\u00e1 a primeira mulher eleita a ocupar o cargo de vice-presidente dos Estados Unidos. I have the great honor to announce that I\u2019ve picked @KamalaHarris \u2014 a fearless fighter for the little guy, and one of the country\u2019s finest public servants \u2014 as my running mate. &mdash; Joe Biden (@JoeBiden) August 11, 2020 Biden usou as redes sociais para anunciar o nome de Harris nesta ter\u00e7a-feira (11) e [&hellip;]<\/p>\n","protected":false},"author":1,"featured_media":45067,"comment_status":"open","ping_status":"open","sticky":false,"template":"","format":"standard","meta":{"_links_to":"","_links_to_target":""},"categories":[3,1,10],"tags":[],"views":2131,"_links":{"self":[{"href":"https:\/\/www.brazilianpress.com\/v1\/wp-json\/wp\/v2\/posts\/45066"}],"collection":[{"href":"https:\/\/www.brazilianpress.com\/v1\/wp-json\/wp\/v2\/posts"}],"about":[{"href":"https:\/\/www.brazilianpress.com\/v1\/wp-json\/wp\/v2\/types\/post"}],"author":[{"embeddable":true,"href":"https:\/\/www.brazilianpress.com\/v1\/wp-json\/wp\/v2\/users\/1"}],"replies":[{"embeddable":true,"href":"https:\/\/www.brazilianpress.com\/v1\/wp-json\/wp\/v2\/comments?post=45066"}],"version-history":[{"count":1,"href":"https:\/\/www.brazilianpress.com\/v1\/wp-json\/wp\/v2\/posts\/45066\/revisions"}],"predecessor-version":[{"id":45068,"href":"https:\/\/www.brazilianpress.com\/v1\/wp-json\/wp\/v2\/posts\/45066\/revisions\/45068"}],"wp:featuredmedia":[{"embeddable":true,"href":"https:\/\/www.brazilianpress.com\/v1\/wp-json\/wp\/v2\/media\/45067"}],"wp:attachment":[{"href":"https:\/\/www.brazilianpress.com\/v1\/wp-json\/wp\/v2\/media?parent=45066"}],"wp:term":[{"taxonomy":"category","embeddable":true,"href":"https:\/\/www.brazilianpress.com\/v1\/wp-json\/wp\/v2\/categories?post=45066"},{"taxonomy":"post_tag","embeddable":true,"href":"https:\/\/www.brazilianpress.com\/v1\/wp-json\/wp\/v2\/tags?post=45066"}],"curies":[{"name":"wp","href":"https:\/\/api.w.org\/{rel}","templated":true}]}}