{"id":45075,"date":"2020-08-12T13:35:02","date_gmt":"2020-08-12T17:35:02","guid":{"rendered":"https:\/\/www.brazilianpress.com\/v1\/?p=45075"},"modified":"2020-08-12T13:35:02","modified_gmt":"2020-08-12T17:35:02","slug":"para-aprender-de-verdade-alunos-da-rede-publica-no-brasil-planejam-reprovar-de-proposito-em-2021","status":"publish","type":"post","link":"https:\/\/www.brazilianpress.com\/v1\/2020\/08\/12\/para-aprender-de-verdade-alunos-da-rede-publica-no-brasil-planejam-reprovar-de-proposito-em-2021\/","title":{"rendered":"Para \u201caprender de verdade\u201d alunos da rede p\u00fablica no Brasil planejam reprovar de prop\u00f3sito em 2021"},"content":{"rendered":"<p><strong>Repetir de ano nunca foi exatamente algo desej\u00e1vel. No entanto, em uma pandemia em que aulas est\u00e3o sendo ministradas emergencialmente de modo remoto, alguns alunos do ensino m\u00e9dio da rede p\u00fablica brasileira t\u00eam decidido fazer exatamente isso.<\/strong><\/p>\n<p>Para eles, a dist\u00e2ncia tem dificultado tanto o aprendizado, que vale mais refazer todo o ano em 2021 &#8211; mesmo sem saber qual ser\u00e1 o estado das coisas e das aulas.<\/p>\n<p>&#8220;N\u00e3o \u00e9 que eu vou fazer de novo, eu s\u00f3 vou fazer, porque esse ano eu n\u00e3o fiz nada&#8221;, explica J\u00falia Almeida, estudante de 17 anos do terceiro ano do Ensino M\u00e9dio de uma escola estadual em Belo Horizonte, Minas Gerais.<\/p>\n<p>Ela publicou um v\u00eddeo em sua conta de Instagram intitulado &#8220;Por que vou reprovar em 2020&#8221;. O v\u00eddeo teve mais de 120 mil visualiza\u00e7\u00f5es, e 900 coment\u00e1rios, com a maior parte das pessoas concordando com seus argumentos e dizendo tamb\u00e9m n\u00e3o estar entendendo muita coisa com o EAD.<\/p>\n<p>Muitos admitiram ter tido a mesma ideia de repetir de ano.<\/p>\n<p>&#8220;Em todo 2020, tive 4 dias de aulas, e olhe l\u00e1. [No ensino a dist\u00e2ncia, s\u00e3o] vinte minutos de aula por dia, sendo que na escola eu tenho 40 minutos (cada aula) e 5 aulas por dia. N\u00e3o d\u00e1 para repor. \u00c9 s\u00f3 colocar na balan\u00e7a&#8221;, diz ela. &#8220;Eu sou privilegiada, tenho acesso a TV e internet. Mas tenho colegas que n\u00e3o t\u00eam acesso \u00e0 televis\u00e3o, imagina \u00e0 internet.&#8221;<\/p>\n<p>&#8220;N\u00e3o aprendi uma gota de mat\u00e9ria em 5 meses. Em 4 meses, n\u00e3o vou conseguir recuperar. N\u00e3o \u00e9 suficiente para aprender a mat\u00e9ria toda de um ano. O Enem que vou fazer em janeiro vai ser por teste de resist\u00eancia, porque eu n\u00e3o tenho condi\u00e7\u00f5es de fazer. N\u00e3o \u00e9 que vou tomar bomba, eu s\u00f3 vou realmente fazer meu terceiro ano, ano que vem. Aprender de verdade para ter condi\u00e7\u00f5es de fazer um Enem decente, digno.&#8221;<\/p>\n<p>A BBC News Brasil falou com 14 jovens da rede p\u00fablica que, como J\u00falia, j\u00e1 est\u00e3o certos de que v\u00e3o reprovar ou est\u00e3o considerando a possibilidade. Todos dizem que n\u00e3o t\u00eam conseguido aprender por meio da aprendizagem remota.<\/p>\n<p>Os do terceiro ano do Ensino M\u00e9dio tamb\u00e9m citam o despreparo para fazer o Enem (Exame nacional do Ensino M\u00e9dio), que acontecer\u00e1 em janeiro, e \u00e9 um dos principais meios de ingresso no ensino superior no pa\u00eds). Alguns afirmam desejar fechar o ciclo escolar presencialmente, com os amigos.<\/p>\n<p>Os adolescentes com quem a reportagem falou est\u00e3o em todo o Brasil: s\u00e3o estudantes no Cear\u00e1, Mato Grosso, Minas Gerais, Rio de Janeiro, S\u00e3o Paulo, Paran\u00e1 e Rio Grande do Sul.<\/p>\n<p>Segundo dados da Pesquisa Nacional por Amostra de Domic\u00edlios Cont\u00ednua (Pnad) de 2019, do IBGE, mais de 87,4% dos alunos do ensino m\u00e9dio estudam na rede p\u00fablica.<\/p>\n<p>As respostas dos Estados e munic\u00edpios variaram muito, mas &#8220;n\u00e3o foi um desastre frente \u00e0s condi\u00e7\u00f5es que tinham&#8221;, na opini\u00e3o delas.<\/p>\n","protected":false},"excerpt":{"rendered":"<p>Repetir de ano nunca foi exatamente algo desej\u00e1vel. No entanto, em uma pandemia em que aulas est\u00e3o sendo ministradas emergencialmente de modo remoto, alguns alunos do ensino m\u00e9dio da rede p\u00fablica brasileira t\u00eam decidido fazer exatamente isso. Para eles, a dist\u00e2ncia tem dificultado tanto o aprendizado, que vale mais refazer todo o ano em 2021 &#8211; mesmo sem saber qual ser\u00e1 o estado das coisas e das aulas. &#8220;N\u00e3o \u00e9 que eu vou fazer de novo, eu s\u00f3 vou fazer, porque esse ano eu n\u00e3o fiz nada&#8221;, explica J\u00falia Almeida, estudante de 17 anos do terceiro ano do Ensino M\u00e9dio [&hellip;]<\/p>\n","protected":false},"author":1,"featured_media":45076,"comment_status":"open","ping_status":"open","sticky":false,"template":"","format":"standard","meta":{"_links_to":"","_links_to_target":""},"categories":[7,1],"tags":[],"views":3316,"_links":{"self":[{"href":"https:\/\/www.brazilianpress.com\/v1\/wp-json\/wp\/v2\/posts\/45075"}],"collection":[{"href":"https:\/\/www.brazilianpress.com\/v1\/wp-json\/wp\/v2\/posts"}],"about":[{"href":"https:\/\/www.brazilianpress.com\/v1\/wp-json\/wp\/v2\/types\/post"}],"author":[{"embeddable":true,"href":"https:\/\/www.brazilianpress.com\/v1\/wp-json\/wp\/v2\/users\/1"}],"replies":[{"embeddable":true,"href":"https:\/\/www.brazilianpress.com\/v1\/wp-json\/wp\/v2\/comments?post=45075"}],"version-history":[{"count":1,"href":"https:\/\/www.brazilianpress.com\/v1\/wp-json\/wp\/v2\/posts\/45075\/revisions"}],"predecessor-version":[{"id":45077,"href":"https:\/\/www.brazilianpress.com\/v1\/wp-json\/wp\/v2\/posts\/45075\/revisions\/45077"}],"wp:featuredmedia":[{"embeddable":true,"href":"https:\/\/www.brazilianpress.com\/v1\/wp-json\/wp\/v2\/media\/45076"}],"wp:attachment":[{"href":"https:\/\/www.brazilianpress.com\/v1\/wp-json\/wp\/v2\/media?parent=45075"}],"wp:term":[{"taxonomy":"category","embeddable":true,"href":"https:\/\/www.brazilianpress.com\/v1\/wp-json\/wp\/v2\/categories?post=45075"},{"taxonomy":"post_tag","embeddable":true,"href":"https:\/\/www.brazilianpress.com\/v1\/wp-json\/wp\/v2\/tags?post=45075"}],"curies":[{"name":"wp","href":"https:\/\/api.w.org\/{rel}","templated":true}]}}