{"id":45078,"date":"2020-08-12T13:39:03","date_gmt":"2020-08-12T17:39:03","guid":{"rendered":"https:\/\/www.brazilianpress.com\/v1\/?p=45078"},"modified":"2020-08-12T13:39:03","modified_gmt":"2020-08-12T17:39:03","slug":"maior-parte-dos-pais-nos-eua-nao-aceita-volta-as-aulas-100-presencial","status":"publish","type":"post","link":"https:\/\/www.brazilianpress.com\/v1\/2020\/08\/12\/maior-parte-dos-pais-nos-eua-nao-aceita-volta-as-aulas-100-presencial\/","title":{"rendered":"Maior parte dos pais nos EUA n\u00e3o aceita volta \u00e0s aulas 100% presencial"},"content":{"rendered":"<p><strong>Segundo pesquisa divulgada pelo Washington Post\/Schar School, 44% dos pais americanos desejam que as escolas misturem aulas online e presenciais, enquanto 39% preferem que a educa\u00e7\u00e3o seja completamente virtual. Somente 16% querem apenas aulas presencias.<\/strong><\/p>\n<p>O levantamento, conduzido pelo instituto Ipsos no fim de julho, aconteceu \u00e0s v\u00e9speras do retorno \u00e0s aulas nos EUA, no momento em que o pa\u00eds ainda n\u00e3o encontrou consenso sobre como equilibrar os riscos do v\u00edrus com os impactos acad\u00eamico, social e econ\u00f4mico de manter as escolas fechadas.<\/p>\n<p>Nos EUA, os estados t\u00eam autonomia para decidir sobre o processo de reabertura econ\u00f4mica, mas a retomada das atividades de forma precoce em diversos deles -principalmente os governados por republicanos, aliados de Trump- causou repique de casos de Covid-19 na maior parte do pa\u00eds.<\/p>\n<p>Na Fl\u00f3rida, por exemplo, um dos estados mais atingidos pelo v\u00edrus -s\u00e3o mais de 502 mil casos e 7,6 mil mortes -, escolas chegaram a fazer pesquisas pr\u00f3prias para saber qual formato era o preferido dos pais para o retorno \u00e0s aulas. Muitas delas refletiram o levantamento nacional do Ipsos e chancelaram o sistema h\u00edbrido como solu\u00e7\u00e3o inicial, mas a piora da pandemia fez com que o estado retrocedesse seu processo de reabertura, e as institui\u00e7\u00f5es devem retomar com aulas 100% remotas.<\/p>\n<p>Na Ge\u00f3rgia, por sua vez, regi\u00e3o tamb\u00e9m bastante atingida pelo v\u00edrus, muitas escolas permitiram aulas presenciais e fotos com corredores lotados de alunos sem m\u00e1scara viralizaram no in\u00edcio da semana.<\/p>\n<p>V\u00e1rios casos positivos de Covid-19 j\u00e1 foram registrados entre estudantes do estado, assim como no Mississipi, onde as aulas recome\u00e7aram em 27 de julho, tamb\u00e9m in loco.<\/p>\n<p>No geral, 56% dos pais afirmam que n\u00e3o seria seguro enviar seus filhos para a escola em aulas presenciais, enquanto 44% acham que seria seguro. A pesquisa foi feita com 1.185 pessoas, e a margem de erro \u00e9 de tr\u00eas pontos percentuais.<\/p>\n<p>Os dados escancaram ainda as profundas divis\u00f5es pol\u00edticas, econ\u00f4micas e raciais nos EUA.<\/p>\n<p>Os pais que s\u00e3o republicanos, brancos e com filhos em escolas particulares t\u00eam mais probabilidade de defender as aulas totalmente presenciais como um formato seguro. J\u00e1 os democratas, independentes, e pessoas negras e hisp\u00e2nicas, com crian\u00e7as em escolas p\u00fablicas, tendem, em sua maioria, a dizer que n\u00e3o \u00e9 seguro voltar a estudar presencialmente.<\/p>\n<p>Apesar de especialistas terem preocupa\u00e7\u00e3o com a qualidade da educa\u00e7\u00e3o online, 6 em cada 10 pais dizem que as aulas remotas correram bem at\u00e9 agora, mas 68% temem que a educa\u00e7\u00e3o de seus filhos fique defasada caso a volta do ano letivo permane\u00e7a somente nesse formato.<\/p>\n<p>Al\u00e9m disso, 62% acreditam que as rela\u00e7\u00f5es sociais das crian\u00e7as ser\u00e3o afetadas e 57% t\u00eam medo de que seus filhos fiquem depressivos caso eles s\u00f3 tenham aulas online nos pr\u00f3ximos meses.<\/p>\n<p>Outro problema \u00e9 que muitas crian\u00e7as n\u00e3o t\u00eam computadores ou conex\u00f5es confi\u00e1veis com a internet e muitos professores t\u00eam pouca experi\u00eancia no manejo de material complexo de forma online. \u00c9 tamb\u00e9m nas escolas, muitas vezes, que os estudantes recebem refei\u00e7\u00f5es, aconselhamento psicol\u00f3gico e interagem socialmente.<\/p>\n<p>Caso as aulas sejam somente presenciais, 80% afirmam temer que as fam\u00edlias e os professores fiquem doentes e 79% citam o medo de aumentar a transmiss\u00e3o na comunidade.<\/p>\n","protected":false},"excerpt":{"rendered":"<p>Segundo pesquisa divulgada pelo Washington Post\/Schar School, 44% dos pais americanos desejam que as escolas misturem aulas online e presenciais, enquanto 39% preferem que a educa\u00e7\u00e3o seja completamente virtual. Somente 16% querem apenas aulas presencias. O levantamento, conduzido pelo instituto Ipsos no fim de julho, aconteceu \u00e0s v\u00e9speras do retorno \u00e0s aulas nos EUA, no momento em que o pa\u00eds ainda n\u00e3o encontrou consenso sobre como equilibrar os riscos do v\u00edrus com os impactos acad\u00eamico, social e econ\u00f4mico de manter as escolas fechadas. Nos EUA, os estados t\u00eam autonomia para decidir sobre o processo de reabertura econ\u00f4mica, mas a retomada [&hellip;]<\/p>\n","protected":false},"author":1,"featured_media":45079,"comment_status":"open","ping_status":"open","sticky":false,"template":"","format":"standard","meta":{"_links_to":"","_links_to_target":""},"categories":[1,10],"tags":[],"views":1279,"_links":{"self":[{"href":"https:\/\/www.brazilianpress.com\/v1\/wp-json\/wp\/v2\/posts\/45078"}],"collection":[{"href":"https:\/\/www.brazilianpress.com\/v1\/wp-json\/wp\/v2\/posts"}],"about":[{"href":"https:\/\/www.brazilianpress.com\/v1\/wp-json\/wp\/v2\/types\/post"}],"author":[{"embeddable":true,"href":"https:\/\/www.brazilianpress.com\/v1\/wp-json\/wp\/v2\/users\/1"}],"replies":[{"embeddable":true,"href":"https:\/\/www.brazilianpress.com\/v1\/wp-json\/wp\/v2\/comments?post=45078"}],"version-history":[{"count":1,"href":"https:\/\/www.brazilianpress.com\/v1\/wp-json\/wp\/v2\/posts\/45078\/revisions"}],"predecessor-version":[{"id":45080,"href":"https:\/\/www.brazilianpress.com\/v1\/wp-json\/wp\/v2\/posts\/45078\/revisions\/45080"}],"wp:featuredmedia":[{"embeddable":true,"href":"https:\/\/www.brazilianpress.com\/v1\/wp-json\/wp\/v2\/media\/45079"}],"wp:attachment":[{"href":"https:\/\/www.brazilianpress.com\/v1\/wp-json\/wp\/v2\/media?parent=45078"}],"wp:term":[{"taxonomy":"category","embeddable":true,"href":"https:\/\/www.brazilianpress.com\/v1\/wp-json\/wp\/v2\/categories?post=45078"},{"taxonomy":"post_tag","embeddable":true,"href":"https:\/\/www.brazilianpress.com\/v1\/wp-json\/wp\/v2\/tags?post=45078"}],"curies":[{"name":"wp","href":"https:\/\/api.w.org\/{rel}","templated":true}]}}