{"id":45093,"date":"2020-08-13T09:46:21","date_gmt":"2020-08-13T13:46:21","guid":{"rendered":"https:\/\/www.brazilianpress.com\/v1\/?p=45093"},"modified":"2020-08-13T09:46:21","modified_gmt":"2020-08-13T13:46:21","slug":"eua-teme-onda-de-despejos-se-o-congresso-nao-aprovar-novos-auxilios","status":"publish","type":"post","link":"https:\/\/www.brazilianpress.com\/v1\/2020\/08\/13\/eua-teme-onda-de-despejos-se-o-congresso-nao-aprovar-novos-auxilios\/","title":{"rendered":"EUA teme onda de despejos se o Congresso n\u00e3o aprovar novos aux\u00edlios"},"content":{"rendered":"<p><strong>A pandemia castigou as finan\u00e7as de milh\u00f5es de fam\u00edlias americanas que enfrentam dificuldades para pagar seus alugu\u00e9is, levantando preocupa\u00e7\u00f5es sobre uma grande onda de despejos caso o Congresso n\u00e3o chegue rapidamente a um acordo sobre novos aux\u00edlios.<\/strong><\/p>\n<p>A crise imobili\u00e1ria \u201cj\u00e1 parece um tsunami\u201d, afirma Bambie Hayes-Brown, da coaliz\u00e3o de associa\u00e7\u00f5es Georgia Advancing Communities Together. Essas organiza\u00e7\u00f5es, que tentam ajudar as fam\u00edlias com problemas de moradia na Ge\u00f3rgia, no sul do pa\u00eds, gastaram rapidamente os aux\u00edlios recebidos desde o in\u00edcio da pandemia. \u201cFicamos cheios de pedidos\u201d de aux\u00edlio, disse Hayes-Brown. Segundo os dados do escrit\u00f3rio do Censo, cerca de 30% dos americanos afirmam ter pouca ou nenhuma confian\u00e7a em sua capacidade de pagar o aluguel no m\u00eas seguinte. At\u00e9 40 milh\u00f5es de pessoas podem ser despejadas nos pr\u00f3ximos meses, calcula o centro de reflex\u00e3o Aspen Institute.<\/p>\n<p><img src=\"https:\/\/cdn-istoe-ssl.akamaized.net\/wp-content\/uploads\/sites\/14\/2020\/08\/d79672b04c9c25eabea7be15d9311c3e3b167395.jpg\" alt=\"EUA teme onda de despejos se o Congresso n\u00e3o aprovar novos aux\u00edlios\" \/><\/p>\n<p><strong>Fim das morat\u00f3rias<\/strong><\/p>\n<p>Em alguns casos, os inquilinos deixaram de pagar seus alugu\u00e9is h\u00e1 meses, mas as morat\u00f3rias sobre as expuls\u00f5es decretadas em v\u00e1rios estados est\u00e3o sendo levantadas pouco a pouco. O aux\u00edlio de US$ 600 por semana concedido pelo governo federal \u00e0s pessoas que perderam sua renda terminou em 31 de julho. \u201cSem os 600 d\u00f3lares, ningu\u00e9m consegue pagar o aluguel\u201d, afirma Yudy Ramirez, que perdeu seu trabalho como faxineira em um hotel de Manhattan em mar\u00e7o. A amea\u00e7a \u00e9 ainda mais forte nesses bairros populares onde vivem principalmente as minorias e onde a COVID-19 causou as maiores perdas de empregos. Em Nova York, os despejos est\u00e3o proibidos at\u00e9 4 de setembro, mas os propriet\u00e1rios agora podem entrar com a\u00e7\u00f5es de despejo nos tribunais. Os inquilinos nova-iorquinos t\u00eam, no entanto, o direito de suspender o pagamento de seu aluguel se houver algum problema na moradia.<\/p>\n<p><img src=\"https:\/\/www.marketplace.org\/wp-content\/uploads\/2018\/04\/colorado.jpg?fit=1800%2C1000\" alt=\"Millions of Americans are evicted every year \u2014 and not just in big ...\" \/><\/p>\n<p><strong>Falta de acordo<\/strong><\/p>\n<p>Os republicanos e a oposi\u00e7\u00e3o democrata no Congresso n\u00e3o conseguiram chegar a um projeto de aux\u00edlio comum. Os democratas prop\u00f5em dedicar US$ 100 bilh\u00f5es aos alugu\u00e9is n\u00e3o pagos e estender o aux\u00edlio de US$ 600 semanais aos desempregados, propostas que os republicanos consideram generosas demais. O presidente americano, Donald Trump, assinou na semana passada um decreto para ajudar os inquilinos e os propriet\u00e1rios afetados pela pandemia. No entanto, para o coordenador da Coaliz\u00e3o Nacional pelo Direito a um Advogado, John Pollock, o decreto de Trump \u201cn\u00e3o serve para nada\u201d, j\u00e1 que n\u00e3o fornece imediatamente propostas nem recursos concretos.<\/p>\n","protected":false},"excerpt":{"rendered":"<p>A pandemia castigou as finan\u00e7as de milh\u00f5es de fam\u00edlias americanas que enfrentam dificuldades para pagar seus alugu\u00e9is, levantando preocupa\u00e7\u00f5es sobre uma grande onda de despejos caso o Congresso n\u00e3o chegue rapidamente a um acordo sobre novos aux\u00edlios. A crise imobili\u00e1ria \u201cj\u00e1 parece um tsunami\u201d, afirma Bambie Hayes-Brown, da coaliz\u00e3o de associa\u00e7\u00f5es Georgia Advancing Communities Together. Essas organiza\u00e7\u00f5es, que tentam ajudar as fam\u00edlias com problemas de moradia na Ge\u00f3rgia, no sul do pa\u00eds, gastaram rapidamente os aux\u00edlios recebidos desde o in\u00edcio da pandemia. \u201cFicamos cheios de pedidos\u201d de aux\u00edlio, disse Hayes-Brown. Segundo os dados do escrit\u00f3rio do Censo, cerca de 30% [&hellip;]<\/p>\n","protected":false},"author":1,"featured_media":45094,"comment_status":"open","ping_status":"open","sticky":false,"template":"","format":"standard","meta":{"_links_to":"","_links_to_target":""},"categories":[4,3,1],"tags":[],"views":1251,"_links":{"self":[{"href":"https:\/\/www.brazilianpress.com\/v1\/wp-json\/wp\/v2\/posts\/45093"}],"collection":[{"href":"https:\/\/www.brazilianpress.com\/v1\/wp-json\/wp\/v2\/posts"}],"about":[{"href":"https:\/\/www.brazilianpress.com\/v1\/wp-json\/wp\/v2\/types\/post"}],"author":[{"embeddable":true,"href":"https:\/\/www.brazilianpress.com\/v1\/wp-json\/wp\/v2\/users\/1"}],"replies":[{"embeddable":true,"href":"https:\/\/www.brazilianpress.com\/v1\/wp-json\/wp\/v2\/comments?post=45093"}],"version-history":[{"count":1,"href":"https:\/\/www.brazilianpress.com\/v1\/wp-json\/wp\/v2\/posts\/45093\/revisions"}],"predecessor-version":[{"id":45095,"href":"https:\/\/www.brazilianpress.com\/v1\/wp-json\/wp\/v2\/posts\/45093\/revisions\/45095"}],"wp:featuredmedia":[{"embeddable":true,"href":"https:\/\/www.brazilianpress.com\/v1\/wp-json\/wp\/v2\/media\/45094"}],"wp:attachment":[{"href":"https:\/\/www.brazilianpress.com\/v1\/wp-json\/wp\/v2\/media?parent=45093"}],"wp:term":[{"taxonomy":"category","embeddable":true,"href":"https:\/\/www.brazilianpress.com\/v1\/wp-json\/wp\/v2\/categories?post=45093"},{"taxonomy":"post_tag","embeddable":true,"href":"https:\/\/www.brazilianpress.com\/v1\/wp-json\/wp\/v2\/tags?post=45093"}],"curies":[{"name":"wp","href":"https:\/\/api.w.org\/{rel}","templated":true}]}}