{"id":45096,"date":"2020-08-13T14:47:27","date_gmt":"2020-08-13T18:47:27","guid":{"rendered":"https:\/\/www.brazilianpress.com\/v1\/?p=45096"},"modified":"2020-08-13T14:47:27","modified_gmt":"2020-08-13T18:47:27","slug":"estudo-sugere-que-periodo-medio-de-incubacao-do-coronavirus-e-de-7-dias-nao-5","status":"publish","type":"post","link":"https:\/\/www.brazilianpress.com\/v1\/2020\/08\/13\/estudo-sugere-que-periodo-medio-de-incubacao-do-coronavirus-e-de-7-dias-nao-5\/","title":{"rendered":"Estudo sugere que per\u00edodo m\u00e9dio de incuba\u00e7\u00e3o do coronav\u00edrus \u00e9 de 7 dias, n\u00e3o 5"},"content":{"rendered":"<p><strong>Um novo estudo sugere que o tempo m\u00e9dio de incuba\u00e7\u00e3o da Covid-19 \u00e9 maior do que os 5 dias que que vinham sendo tipicamente estimados em outros trabalhos, estimando em 7,76 dias o intervalo entre o v\u00edrus infectar uma pessoa e esta manifestar sintomas e passar a retransmiti-lo.<\/strong><\/p>\n<p>Publicado na revista &#8220;Science Advances&#8221;, cientistas da Universidade Johns Hopkins, de Baltimore (EUA) e da Universidade de Pequim, a estimativa saiu da an\u00e1lise de mais de 1.000 pacientes que foram diagnosticados com a doen\u00e7a depois de deixarem a cidade de Wuhan, na China, onde o\u00a0novo coronav\u00edrus\u00a0emergiu.<\/p>\n<p>Segundo a AAAS (Associa\u00e7\u00e3o Americana para o Avan\u00e7o da Ci\u00eancia), o trabalho usa a maior amostragem de pacientes reunida at\u00e9 agora para estimar o tempo de incuba\u00e7\u00e3o do Sars-CoV-2. Ao incluir na an\u00e1lise apenas pacientes que sa\u00edram de Wuhan para outras cidades ainda sem transmiss\u00e3o comunit\u00e1ria do v\u00edrus, os cientistas conseguiram estabelecer um tempo m\u00ednimo para a aquisi\u00e7\u00e3o de cada infec\u00e7\u00e3o.<\/p>\n<p>Isso permitiu ao grupo usar um tratamento estat\u00edstico diferente, mais sofisticado, chamado pelos matem\u00e1ticos de &#8220;processos regenerativos&#8221;. Com a t\u00e9cnica, os cientistas dependem menos de os volunt\u00e1rios entrevistados terem mem\u00f3ria boa o suficiente para se lembrarem de quando se expuseram ao v\u00edrus e quando come\u00e7aram a sentir sintomas.<\/p>\n<p>Como o tempo de incuba\u00e7\u00e3o varia naturalmente de pessoa para pessoa, mesmo estimando um tempo m\u00e9dio de uma semana para o volume total de pacientes, 10% deles tiveram tempos de incuba\u00e7\u00e3o de mais de 14 dias.<\/p>\n<p>&#8220;Isso pode ser uma preocupa\u00e7\u00e3o de sa\u00fade p\u00fablica em raz\u00e3o da recomenda\u00e7\u00e3o atual de per\u00edodo de quarentena de 14 dias&#8221;, escrevem os autores do estudo, liderados por Jing Qin, da Universidade Johns Hopkins.<\/p>\n<p>O receio, explicam, \u00e9 que o per\u00edodo de duas semanas excede a pol\u00edtica de quarentena de muitos pa\u00edses. Em princ\u00edpio, um paciente isolado por duas semanas estaria virtualmente livre para ser liberado caso teste negativo para o v\u00edrus e n\u00e3o tenha sintoma. As exce\u00e7\u00f5es para essa regra, afirmam os cientistas, devem estar ocorrendo com mais frequ\u00eancia do que se imaginava.<\/p>\n<p>No estudo os cientistas identificaram at\u00e9 mesmo per\u00edodo de incuba\u00e7\u00e3o acima de 20 dias, mas em menos de 1% dos pacientes.<\/p>\n<p>Al\u00e9m de informar autoridades sanit\u00e1rias sobre o per\u00edodo \u00f3timo de quarentena para isolar pacientes de Covid-19, o estudo da equipe de Qin pode precipitar mudan\u00e7as nas simula\u00e7\u00f5es matem\u00e1ticas usadas para tentar prever o comportamento da epidemia.<\/p>\n<p>&#8220;Uma estimativa s\u00f3lida da distribui\u00e7\u00e3o dos per\u00edodos de incuba\u00e7\u00e3o tem papel vital em epidemiologia&#8221;, escrevem os cientistas. &#8220;Sua aplica\u00e7\u00e3o inclui decis\u00f5es da dura\u00e7\u00e3o de quarentena para preven\u00e7\u00e3o e controle e modelos din\u00e2micos que preveem com precis\u00e3o o processo da doen\u00e7a.&#8221;<\/p>\n","protected":false},"excerpt":{"rendered":"<p>Um novo estudo sugere que o tempo m\u00e9dio de incuba\u00e7\u00e3o da Covid-19 \u00e9 maior do que os 5 dias que que vinham sendo tipicamente estimados em outros trabalhos, estimando em 7,76 dias o intervalo entre o v\u00edrus infectar uma pessoa e esta manifestar sintomas e passar a retransmiti-lo. Publicado na revista &#8220;Science Advances&#8221;, cientistas da Universidade Johns Hopkins, de Baltimore (EUA) e da Universidade de Pequim, a estimativa saiu da an\u00e1lise de mais de 1.000 pacientes que foram diagnosticados com a doen\u00e7a depois de deixarem a cidade de Wuhan, na China, onde o\u00a0novo coronav\u00edrus\u00a0emergiu. Segundo a AAAS (Associa\u00e7\u00e3o Americana para [&hellip;]<\/p>\n","protected":false},"author":1,"featured_media":44288,"comment_status":"open","ping_status":"open","sticky":false,"template":"","format":"standard","meta":{"_links_to":"","_links_to_target":""},"categories":[8,1],"tags":[],"views":1787,"_links":{"self":[{"href":"https:\/\/www.brazilianpress.com\/v1\/wp-json\/wp\/v2\/posts\/45096"}],"collection":[{"href":"https:\/\/www.brazilianpress.com\/v1\/wp-json\/wp\/v2\/posts"}],"about":[{"href":"https:\/\/www.brazilianpress.com\/v1\/wp-json\/wp\/v2\/types\/post"}],"author":[{"embeddable":true,"href":"https:\/\/www.brazilianpress.com\/v1\/wp-json\/wp\/v2\/users\/1"}],"replies":[{"embeddable":true,"href":"https:\/\/www.brazilianpress.com\/v1\/wp-json\/wp\/v2\/comments?post=45096"}],"version-history":[{"count":1,"href":"https:\/\/www.brazilianpress.com\/v1\/wp-json\/wp\/v2\/posts\/45096\/revisions"}],"predecessor-version":[{"id":45097,"href":"https:\/\/www.brazilianpress.com\/v1\/wp-json\/wp\/v2\/posts\/45096\/revisions\/45097"}],"wp:featuredmedia":[{"embeddable":true,"href":"https:\/\/www.brazilianpress.com\/v1\/wp-json\/wp\/v2\/media\/44288"}],"wp:attachment":[{"href":"https:\/\/www.brazilianpress.com\/v1\/wp-json\/wp\/v2\/media?parent=45096"}],"wp:term":[{"taxonomy":"category","embeddable":true,"href":"https:\/\/www.brazilianpress.com\/v1\/wp-json\/wp\/v2\/categories?post=45096"},{"taxonomy":"post_tag","embeddable":true,"href":"https:\/\/www.brazilianpress.com\/v1\/wp-json\/wp\/v2\/tags?post=45096"}],"curies":[{"name":"wp","href":"https:\/\/api.w.org\/{rel}","templated":true}]}}