{"id":45174,"date":"2020-08-18T13:58:38","date_gmt":"2020-08-18T17:58:38","guid":{"rendered":"https:\/\/www.brazilianpress.com\/v1\/?p=45174"},"modified":"2020-08-18T13:58:38","modified_gmt":"2020-08-18T17:58:38","slug":"governo-estados-unidos-considera-suspender-visto-para-estudantes-brasileiros","status":"publish","type":"post","link":"https:\/\/www.brazilianpress.com\/v1\/2020\/08\/18\/governo-estados-unidos-considera-suspender-visto-para-estudantes-brasileiros\/","title":{"rendered":"Governo Estados Unidos considera suspender visto para estudantes brasileiros"},"content":{"rendered":"<p><strong>O governo norte-americano anunciou na segunda-feira, 17, que considera suspender a entrada de estudantes brasileiros ao pa\u00eds durante a pandemia de covid-19. A medida, se aprovada, impede que brasileiros matriculados em institui\u00e7\u00f5es de ensino retornem \u00e0s aulas ainda neste m\u00eas, in\u00edcio do semestre letivo no hemisf\u00e9rio norte.<\/strong><\/p>\n<p>Em uma escalada para combater a pandemia de coronav\u00edrus, os EUA, que lideram os n\u00fameros de mortos e pacientes para a doen\u00e7a, j\u00e1 haviam desde maio proibido a entrada de estrangeiros vindos do Brasil e, acerca dos estudantes internacionais, n\u00e3o \u00e9 a primeira vez que se discute a perman\u00eancia deles em solo norte-americano.<\/p>\n<p>No fim de julho, o ICE (Servi\u00e7o de Imigra\u00e7\u00e3o e Controle Aduaneiro dos EUA) anunciou que considerava cancelar vistos de estudantes estrangeiros com aulas 100% em ensino a dist\u00e2ncia e pedia que estudantes sa\u00edssem do pa\u00eds ou se matriculassem em universidades com aulas presenciais.<\/p>\n<p>A medida foi duramente criticada e fez com que universidades da Ivy-League \u2013 consideradas as universidades de ponta do pa\u00eds, como Harvard, Columbia e MIT \u2013 entrassem com processo contra o governo norte-americano, que recuou. O veto de Trump, se viabilizado, impediria o estudo de cerca de 14,6 mil jovens universit\u00e1rios brasileiros matriculados em institui\u00e7\u00f5es de ensino nos EUA.<\/p>\n","protected":false},"excerpt":{"rendered":"<p>O governo norte-americano anunciou na segunda-feira, 17, que considera suspender a entrada de estudantes brasileiros ao pa\u00eds durante a pandemia de covid-19. A medida, se aprovada, impede que brasileiros matriculados em institui\u00e7\u00f5es de ensino retornem \u00e0s aulas ainda neste m\u00eas, in\u00edcio do semestre letivo no hemisf\u00e9rio norte. Em uma escalada para combater a pandemia de coronav\u00edrus, os EUA, que lideram os n\u00fameros de mortos e pacientes para a doen\u00e7a, j\u00e1 haviam desde maio proibido a entrada de estrangeiros vindos do Brasil e, acerca dos estudantes internacionais, n\u00e3o \u00e9 a primeira vez que se discute a perman\u00eancia deles em solo norte-americano. [&hellip;]<\/p>\n","protected":false},"author":1,"featured_media":45175,"comment_status":"open","ping_status":"open","sticky":false,"template":"","format":"standard","meta":{"_links_to":"","_links_to_target":""},"categories":[4,3,1],"tags":[],"views":1488,"_links":{"self":[{"href":"https:\/\/www.brazilianpress.com\/v1\/wp-json\/wp\/v2\/posts\/45174"}],"collection":[{"href":"https:\/\/www.brazilianpress.com\/v1\/wp-json\/wp\/v2\/posts"}],"about":[{"href":"https:\/\/www.brazilianpress.com\/v1\/wp-json\/wp\/v2\/types\/post"}],"author":[{"embeddable":true,"href":"https:\/\/www.brazilianpress.com\/v1\/wp-json\/wp\/v2\/users\/1"}],"replies":[{"embeddable":true,"href":"https:\/\/www.brazilianpress.com\/v1\/wp-json\/wp\/v2\/comments?post=45174"}],"version-history":[{"count":1,"href":"https:\/\/www.brazilianpress.com\/v1\/wp-json\/wp\/v2\/posts\/45174\/revisions"}],"predecessor-version":[{"id":45176,"href":"https:\/\/www.brazilianpress.com\/v1\/wp-json\/wp\/v2\/posts\/45174\/revisions\/45176"}],"wp:featuredmedia":[{"embeddable":true,"href":"https:\/\/www.brazilianpress.com\/v1\/wp-json\/wp\/v2\/media\/45175"}],"wp:attachment":[{"href":"https:\/\/www.brazilianpress.com\/v1\/wp-json\/wp\/v2\/media?parent=45174"}],"wp:term":[{"taxonomy":"category","embeddable":true,"href":"https:\/\/www.brazilianpress.com\/v1\/wp-json\/wp\/v2\/categories?post=45174"},{"taxonomy":"post_tag","embeddable":true,"href":"https:\/\/www.brazilianpress.com\/v1\/wp-json\/wp\/v2\/tags?post=45174"}],"curies":[{"name":"wp","href":"https:\/\/api.w.org\/{rel}","templated":true}]}}