{"id":45188,"date":"2020-08-19T18:03:04","date_gmt":"2020-08-19T22:03:04","guid":{"rendered":"https:\/\/www.brazilianpress.com\/v1\/?p=45188"},"modified":"2020-08-19T18:03:04","modified_gmt":"2020-08-19T22:03:04","slug":"acusada-de-fraudes-e-atividades-criminosas-templos-da-igreja-universal-sao-apreendidos-pela-justica-de-angola","status":"publish","type":"post","link":"https:\/\/www.brazilianpress.com\/v1\/2020\/08\/19\/acusada-de-fraudes-e-atividades-criminosas-templos-da-igreja-universal-sao-apreendidos-pela-justica-de-angola\/","title":{"rendered":"Acusada de fraudes e atividades criminosas, templos da Igreja Universal s\u00e3o apreendidos pela Justi\u00e7a de Angola"},"content":{"rendered":"<p><strong>A Justi\u00e7a de Angola apreendeu v\u00e1rios templos da Igreja Universal do Reino de Deus (IURD) no pa\u00eds, sob a acusa\u00e7\u00e3o de fraude e outras atividades criminosas. Segundo o procurador-geral, \u00c1lvaro da Silva Jo\u00e3o, a medida, anunciada na \u00faltima sexta-feira, foi tomada por haver &#8220;ind\u00edcios suficientes de delitos&#8221;.<\/strong><\/p>\n<p>&#8220;Esta medida foi adotada porque nos autos h\u00e1 ind\u00edcios suficientes da pr\u00e1tica de delitos como associa\u00e7\u00e3o criminosa, fraude fiscal, exporta\u00e7\u00e3o il\u00edcita de capitais, abuso de confian\u00e7a e outros atos ilegais&#8221;, afirmou em comunicado.<\/p>\n<p>O processo contra IURD foi aberto em dezembro, com den\u00fancias de bispos angolanos da pr\u00f3pria igreja alegando que ela tinha pr\u00e1ticas contr\u00e1rias \u00e0 &#8220;realidade de Angola e da \u00c1frica&#8221; e a acusando de sonega\u00e7\u00e3o fiscal.<\/p>\n<p>A Igreja Universal do Reino de Deus tem oito milh\u00f5es de membros no Brasil e est\u00e1 presente em mais de 100 pa\u00edses do mundo, com templos em pelo menos 12 na\u00e7\u00f5es africanas. Em junho, um grupo de ex-membros da IURD assumiu o comando de mais de 80 templos na capital angolana, Luanda, e nas prov\u00edncias pr\u00f3ximas, rompendo rela\u00e7\u00f5es com a sede no Brasil e aumentando ainda mais a tens\u00e3o.<\/p>\n<p>Em nota ao p\u00fablico, a IURD do Brasil afirmou que &#8220;acompanha com preocupa\u00e7\u00e3o os acontecimentos envolvendo a Universal de Angola, mas reafirma a confian\u00e7a nas institui\u00e7\u00f5es angolanas, em especial na Justi\u00e7a. Contudo, reitera que, respeitada a doutrina de F\u00e9 que une a Universal, e \u00e9 a mesma em todos os 135 pa\u00edses dos cinco continentes onde est\u00e1 presente, a Igreja de cada na\u00e7\u00e3o possui personalidade jur\u00eddica pr\u00f3pria. Ou seja, a Universal de cada pa\u00eds disp\u00f5e de total e absoluta autonomia administrativa e financeira, sempre observando as leis e as tradi\u00e7\u00f5es locais&#8221;.<\/p>\n<p>A IURD de Angola, por sua vez, emitiu comunicado confirmando &#8220;que alguns dos seus templos em Luanda foram visitados ontem, pelo Servi\u00e7o de Investiga\u00e7\u00e3o Criminal (SIC) e v\u00e1rios Srs. Magistrados do Minist\u00e9rio P\u00fablico, com vista \u00e0 realiza\u00e7\u00e3o de dilig\u00eancias de apreens\u00e3o&#8221;. Segundo a igreja, &#8220;foram apreendidos e selados os templos do Alvalade, Maculusso, Patriota, Morro Bento, Benfica, Cazenga e Viana, por, alegadamente, haver ind\u00edcios da utiliza\u00e7\u00e3o dos mesmos na pr\u00e1tica de crimes&#8221;.<\/p>\n<p>A institui\u00e7\u00e3o afirma que, apesar das &#8220;grav\u00edssimas imputa\u00e7\u00f5es criminais vertidas no comunicado \u00e0 imprensa, cumpre esclarecer que a IURD Angola e os seus atuais representantes nunca tiveram acesso aos fatos e aos elementos de prova que, em concreto, sustentam as referidas imputa\u00e7\u00f5es criminais&#8221; e que, sendo assim, &#8220;n\u00e3o tiveram oportunidade de exercer o seu legitimo direito de defesa&#8221;. Fundada pelo bispo evang\u00e9lico Edir Macedo em 1977, a igreja j\u00e1 foi alvo de pol\u00eamica por sua suposta participa\u00e7\u00e3o em atividades il\u00edcitas em outros pa\u00edses, incluindo den\u00fancias de redes de ado\u00e7\u00e3o ilegal em Portugal e outros pa\u00edses de l\u00edngua portuguesa.<\/p>\n","protected":false},"excerpt":{"rendered":"<p>A Justi\u00e7a de Angola apreendeu v\u00e1rios templos da Igreja Universal do Reino de Deus (IURD) no pa\u00eds, sob a acusa\u00e7\u00e3o de fraude e outras atividades criminosas. Segundo o procurador-geral, \u00c1lvaro da Silva Jo\u00e3o, a medida, anunciada na \u00faltima sexta-feira, foi tomada por haver &#8220;ind\u00edcios suficientes de delitos&#8221;. &#8220;Esta medida foi adotada porque nos autos h\u00e1 ind\u00edcios suficientes da pr\u00e1tica de delitos como associa\u00e7\u00e3o criminosa, fraude fiscal, exporta\u00e7\u00e3o il\u00edcita de capitais, abuso de confian\u00e7a e outros atos ilegais&#8221;, afirmou em comunicado. O processo contra IURD foi aberto em dezembro, com den\u00fancias de bispos angolanos da pr\u00f3pria igreja alegando que ela tinha [&hellip;]<\/p>\n","protected":false},"author":1,"featured_media":45189,"comment_status":"open","ping_status":"open","sticky":false,"template":"","format":"standard","meta":{"_links_to":"","_links_to_target":""},"categories":[8,1],"tags":[],"views":2091,"_links":{"self":[{"href":"https:\/\/www.brazilianpress.com\/v1\/wp-json\/wp\/v2\/posts\/45188"}],"collection":[{"href":"https:\/\/www.brazilianpress.com\/v1\/wp-json\/wp\/v2\/posts"}],"about":[{"href":"https:\/\/www.brazilianpress.com\/v1\/wp-json\/wp\/v2\/types\/post"}],"author":[{"embeddable":true,"href":"https:\/\/www.brazilianpress.com\/v1\/wp-json\/wp\/v2\/users\/1"}],"replies":[{"embeddable":true,"href":"https:\/\/www.brazilianpress.com\/v1\/wp-json\/wp\/v2\/comments?post=45188"}],"version-history":[{"count":1,"href":"https:\/\/www.brazilianpress.com\/v1\/wp-json\/wp\/v2\/posts\/45188\/revisions"}],"predecessor-version":[{"id":45190,"href":"https:\/\/www.brazilianpress.com\/v1\/wp-json\/wp\/v2\/posts\/45188\/revisions\/45190"}],"wp:featuredmedia":[{"embeddable":true,"href":"https:\/\/www.brazilianpress.com\/v1\/wp-json\/wp\/v2\/media\/45189"}],"wp:attachment":[{"href":"https:\/\/www.brazilianpress.com\/v1\/wp-json\/wp\/v2\/media?parent=45188"}],"wp:term":[{"taxonomy":"category","embeddable":true,"href":"https:\/\/www.brazilianpress.com\/v1\/wp-json\/wp\/v2\/categories?post=45188"},{"taxonomy":"post_tag","embeddable":true,"href":"https:\/\/www.brazilianpress.com\/v1\/wp-json\/wp\/v2\/tags?post=45188"}],"curies":[{"name":"wp","href":"https:\/\/api.w.org\/{rel}","templated":true}]}}