{"id":45191,"date":"2020-08-19T18:05:51","date_gmt":"2020-08-19T22:05:51","guid":{"rendered":"https:\/\/www.brazilianpress.com\/v1\/?p=45191"},"modified":"2020-08-19T18:06:16","modified_gmt":"2020-08-19T22:06:16","slug":"biden-e-kamala-revelam-chapa-mais-critica-ao-governo-brasileiro-na-historia-dos-eua","status":"publish","type":"post","link":"https:\/\/www.brazilianpress.com\/v1\/2020\/08\/19\/biden-e-kamala-revelam-chapa-mais-critica-ao-governo-brasileiro-na-historia-dos-eua\/","title":{"rendered":"Biden e Kamala revelam chapa mais cr\u00edtica ao governo brasileiro na hist\u00f3ria dos EUA"},"content":{"rendered":"<p><strong>Ao formar a chapa presidencial democrata com a senadora Kamala Harris, o democrata Joe Biden parece liderar a coaliz\u00e3o pol\u00edtica mais frontalmente contr\u00e1ria a um presidente brasileiro na hist\u00f3ria das elei\u00e7\u00f5es dos Estados Unidos. Isso porque tanto Biden quanto Kamala fizeram cr\u00edticas abertas, repetidas e nominais a\u00a0Jair Bolsonaro\u00a0nos \u00faltimos meses, em um movimento considerado pelos especialistas como sem precedentes nas rela\u00e7\u00f5es entre os dois pa\u00edses.<\/strong><\/p>\n<p>&#8220;\u00c9 a primeira vez na hist\u00f3ria das elei\u00e7\u00f5es americanas que vemos uma chapa presidencial, tanto com candidato \u00e0 presidente quanto com o nomeado a vice, se colocar t\u00e3o claramente contra um governo brasileiro. O fato de Biden e Kamala estarem confort\u00e1veis em apontar o dedo para Bolsonaro em suas cr\u00edticas mostra que desejam dar a ele um car\u00e1ter de caudilho latino americano, coloc\u00e1-lo na posi\u00e7\u00e3o de p\u00e1ria internacional&#8221;, afirma o professor de rela\u00e7\u00f5es internacionais da FAAP Carlos Gustavo Poggio, especialista em Estados Unidos.<\/p>\n<p>De acordo com Poggio, embora durante a gest\u00e3o do presidente democrata Jimmy Carter, entre 1977 e 1981, Brasil e\u00a0Estados Unidos\u00a0tenham cortado rela\u00e7\u00f5es militares na esteira da repreens\u00e3o do governo americano a abusos cometidos pelo regime militar brasileiro, n\u00e3o h\u00e1 registros de que ainda durante a campanha, em 1976, o ent\u00e3o candidato democrata Carter tenha investido contra o General Ernesto Geisel, o mandat\u00e1rio do Brasil \u00e0 \u00e9poca.<\/p>\n<p>Biden destacou quest\u00e3o ambiental em declara\u00e7\u00f5es recentes sobre o Brasil \u2014 e em cr\u00edticas a Bolsonaro<\/p>\n<p>Agora, no entanto, tanto Biden quanto Kamala, que tamb\u00e9m foi pr\u00e9-candidata presidencial pelos democratas at\u00e9 dezembro do ano passado, j\u00e1 expressaram seu descontentamento em rela\u00e7\u00e3o ao brasileiro.<\/p>\n<p>&#8220;O presidente Bolsonaro precisa saber que se o Brasil falhar na sua tarefa de guardi\u00e3o da floresta Amaz\u00f4nica, o meu governo congregar\u00e1 o mundo para garantir que o meio ambiente esteja protegido&#8221;, afirmou Joe Biden em uma em entrevista \u00e0 revista americana Americas Quartely em mar\u00e7o de 2020.<\/p>\n<p>Ainda naquele mesmo m\u00eas, em um debate de pr\u00e9-candidatos democratas, ele reafirmou sua inten\u00e7\u00e3o de liderar uma resposta global contra a devasta\u00e7\u00e3o da floresta brasileira.<\/p>\n<p>Eleita para o Senado pela Calif\u00f3rnia, Kamala foi ainda mais expl\u00edcita e direta em suas cr\u00edticas a Jair Bolsonaro. Em agosto do ano passado, diante das informa\u00e7\u00f5es a respeito do aumento das queimadas na Amaz\u00f4nia, as imagens da destrui\u00e7\u00e3o na floresta tropical estamparam capas de publica\u00e7\u00f5es internacionais e geraram uma onda de cr\u00edticas de l\u00edderes internacionais ao pa\u00eds.<\/p>\n<p>Na ocasi\u00e3o, Kamala se posicionou via Twitter: &#8220;O presidente Bolsonaro precisa responder por essa devasta\u00e7\u00e3o&#8221;, disse, em coment\u00e1rio sobre imagens de uma \u00e1rea de mata em chamas. Kamala afirmou que 20% do oxig\u00eanio do mundo viria da Amaz\u00f4nia e que a floresta \u00e9 o lar de um milh\u00e3o de ind\u00edgenas. &#8220;Qualquer destrui\u00e7\u00e3o afeta a n\u00f3s todos&#8221;.<\/p>\n<p>Kamala voltou \u00e0 carga no dia seguinte, 24 de agosto: &#8220;Enquanto a Amaz\u00f4nia queima, o presidente tipo Trump do Brasil, que deixa madeireiros e mineradores destru\u00edrem a \u00e1rea, n\u00e3o est\u00e1 agindo. Trump n\u00e3o deve fechar acordo comercial com o Brasil at\u00e9 que Bolsonaro reverta suas pol\u00edticas catastr\u00f3ficas e combata as queimadas. Precisamos da lideran\u00e7a americana para salvar o planeta&#8221;.<\/p>\n","protected":false},"excerpt":{"rendered":"<p>Ao formar a chapa presidencial democrata com a senadora Kamala Harris, o democrata Joe Biden parece liderar a coaliz\u00e3o pol\u00edtica mais frontalmente contr\u00e1ria a um presidente brasileiro na hist\u00f3ria das elei\u00e7\u00f5es dos Estados Unidos. Isso porque tanto Biden quanto Kamala fizeram cr\u00edticas abertas, repetidas e nominais a\u00a0Jair Bolsonaro\u00a0nos \u00faltimos meses, em um movimento considerado pelos especialistas como sem precedentes nas rela\u00e7\u00f5es entre os dois pa\u00edses. &#8220;\u00c9 a primeira vez na hist\u00f3ria das elei\u00e7\u00f5es americanas que vemos uma chapa presidencial, tanto com candidato \u00e0 presidente quanto com o nomeado a vice, se colocar t\u00e3o claramente contra um governo brasileiro. O fato [&hellip;]<\/p>\n","protected":false},"author":1,"featured_media":45192,"comment_status":"open","ping_status":"open","sticky":false,"template":"","format":"standard","meta":{"_links_to":"","_links_to_target":""},"categories":[3,1,10],"tags":[],"views":1435,"_links":{"self":[{"href":"https:\/\/www.brazilianpress.com\/v1\/wp-json\/wp\/v2\/posts\/45191"}],"collection":[{"href":"https:\/\/www.brazilianpress.com\/v1\/wp-json\/wp\/v2\/posts"}],"about":[{"href":"https:\/\/www.brazilianpress.com\/v1\/wp-json\/wp\/v2\/types\/post"}],"author":[{"embeddable":true,"href":"https:\/\/www.brazilianpress.com\/v1\/wp-json\/wp\/v2\/users\/1"}],"replies":[{"embeddable":true,"href":"https:\/\/www.brazilianpress.com\/v1\/wp-json\/wp\/v2\/comments?post=45191"}],"version-history":[{"count":1,"href":"https:\/\/www.brazilianpress.com\/v1\/wp-json\/wp\/v2\/posts\/45191\/revisions"}],"predecessor-version":[{"id":45193,"href":"https:\/\/www.brazilianpress.com\/v1\/wp-json\/wp\/v2\/posts\/45191\/revisions\/45193"}],"wp:featuredmedia":[{"embeddable":true,"href":"https:\/\/www.brazilianpress.com\/v1\/wp-json\/wp\/v2\/media\/45192"}],"wp:attachment":[{"href":"https:\/\/www.brazilianpress.com\/v1\/wp-json\/wp\/v2\/media?parent=45191"}],"wp:term":[{"taxonomy":"category","embeddable":true,"href":"https:\/\/www.brazilianpress.com\/v1\/wp-json\/wp\/v2\/categories?post=45191"},{"taxonomy":"post_tag","embeddable":true,"href":"https:\/\/www.brazilianpress.com\/v1\/wp-json\/wp\/v2\/tags?post=45191"}],"curies":[{"name":"wp","href":"https:\/\/api.w.org\/{rel}","templated":true}]}}