{"id":45201,"date":"2020-08-20T09:46:16","date_gmt":"2020-08-20T13:46:16","guid":{"rendered":"https:\/\/www.brazilianpress.com\/v1\/?p=45201"},"modified":"2020-08-20T09:46:16","modified_gmt":"2020-08-20T13:46:16","slug":"corrida-a-casa-branca-profunda-divisao-nos-eua-dificulta-previsao-de-resultado-eleitoral","status":"publish","type":"post","link":"https:\/\/www.brazilianpress.com\/v1\/2020\/08\/20\/corrida-a-casa-branca-profunda-divisao-nos-eua-dificulta-previsao-de-resultado-eleitoral\/","title":{"rendered":"Corrida \u00e0 Casa Branca: Profunda divis\u00e3o nos EUA dificulta previs\u00e3o de resultado eleitoral"},"content":{"rendered":"<p><strong>Sarah Lloyd empurra a forragem para alimentar sua vacas leiteiras enquanto seu cachorrinho Pepperoni segue seus passos. Afirma que n\u00e3o votou no presidente Donald Trump em 2016 e que n\u00e3o votar\u00e1 agora, o que a torna um caso at\u00edpico no condado rural de Wisconsin, onde mora. A fazenda de sua fam\u00edlia est\u00e1 localizada no sop\u00e9 de uma colina verde no condado de Juneau, distrito que na \u00faltima elei\u00e7\u00e3o deu uma guinada surpreendente depois de votar duas vezes no democrata Barack Obama, apoiando Trump em 2016.<\/strong><\/p>\n<p>A guerra comercial com a China afetou os agricultores de soja da regi\u00e3o, e Lloyd est\u00e1 feliz que Trump tenha liberado bilh\u00f5es de d\u00f3lares em ajuda aos agricultores, j\u00e1 que de outra forma muitos teriam falido. &#8220;Mas n\u00e3o vou votar em um mis\u00f3gino, racista e fascista&#8221;, diz. Tony Kurtz, um representante republicano na Assembleia de Wisconsin, explica que nesta zona as pessoas n\u00e3o votam tanto no partido, mas mais na pessoa. Seu distrito inclui Juneau e tamb\u00e9m parte do condado vizinho de Sauk, onde Trump venceu por 109 votos, dos cerca de 30.000 votos.<\/p>\n<p><strong>Com Trump 100%<\/strong><\/p>\n<p>Em pleno calor do ver\u00e3o (hemisf\u00e9rio norte), Kurtz e seu rival democrata participam de um imenso churrasco onde mais de mil galinhas passam pelas brasas para serem distribu\u00eddas em um evento beneficente, respeitando o distanciamento social pela pandemia. Esse tipo de coopera\u00e7\u00e3o \u00e9 rara em um pa\u00eds marcado por profundas divis\u00f5es partid\u00e1rias.<\/p>\n<p>Kurtz confessa que gostaria que o presidente tuitasse menos, mas n\u00e3o duvida que no dia 3 de novembro votar\u00e1 nele, afirmando que \u00e9 a melhor forma para o pa\u00eds sair da crise econ\u00f4mica. Para este pol\u00edtico, a renegocia\u00e7\u00e3o dos grandes acordos comerciais internacionais \u00e9 muito importante, algo que caiu bem entre os agricultores da regi\u00e3o.<\/p>\n<p>Alexander Blake Weiland, um ex-militar que se dedica a organizar festivais, compartilha esse diagn\u00f3stico. Em 2016, ele se absteve de votar porque n\u00e3o gostou da proposta de Clinton e era muito c\u00e9tico em rela\u00e7\u00e3o ao &#8220;magnata do mercado imobili\u00e1rio&#8221;. &#8220;Eu me senti entre a cruz e a espada&#8221;, diz o jovem de 25 anos da cidade de Mauston, capital do condado de Juneau, que tem cerca de 4.300 habitantes. Desta vez, n\u00e3o tem d\u00favidas: &#8220;Vou votar em Donald Trump 100%&#8221;. O jovem, que em 2012 votou em Barack Obama, disse que antes da pandemia a economia estava &#8220;maravilhosa e o desemprego estava muito baixo&#8221; e tamb\u00e9m destacou o acordo entre Israel e os Emirados \u00c1rabes Unidos.<\/p>\n<p>Kari Walker, 50 anos, caminha na dire\u00e7\u00e3o oposta. Junto com seu marido, ela dirige um bar restaurante em Reedsburg, uma cidade de cerca de 9.000 habitantes no condado de Sauk. Por 20 anos votou nos republicanos e em 2016 apoiou um terceiro candidato, pois n\u00e3o achava que Trump tinha a experi\u00eancia necess\u00e1ria. &#8220;Tamb\u00e9m fiquei horrorizada com a linguagem dele e horrorizada com a maneira como ele trata as mulheres&#8221;, explica. Mais de quatro anos depois, sua gest\u00e3o da pandemia, que deixou mais de 170.000 mortos nos Estados Unidos, parece &#8220;p\u00e9ssima&#8221;. Atr\u00e1s de seu bar, Walker confessa que n\u00e3o pode dar a Biden um apoio &#8220;entusi\u00e1stico&#8221;, mas que sem d\u00favida votar\u00e1 nele em novembro. &#8220;Acho que h\u00e1 muitas coisas em jogo. Donald Trump foi um presidente pior do que eu imaginava&#8221;, sentencia.<\/p>\n","protected":false},"excerpt":{"rendered":"<p>Sarah Lloyd empurra a forragem para alimentar sua vacas leiteiras enquanto seu cachorrinho Pepperoni segue seus passos. Afirma que n\u00e3o votou no presidente Donald Trump em 2016 e que n\u00e3o votar\u00e1 agora, o que a torna um caso at\u00edpico no condado rural de Wisconsin, onde mora. A fazenda de sua fam\u00edlia est\u00e1 localizada no sop\u00e9 de uma colina verde no condado de Juneau, distrito que na \u00faltima elei\u00e7\u00e3o deu uma guinada surpreendente depois de votar duas vezes no democrata Barack Obama, apoiando Trump em 2016. A guerra comercial com a China afetou os agricultores de soja da regi\u00e3o, e Lloyd [&hellip;]<\/p>\n","protected":false},"author":1,"featured_media":45202,"comment_status":"open","ping_status":"open","sticky":false,"template":"","format":"standard","meta":{"_links_to":"","_links_to_target":""},"categories":[4,3,1],"tags":[],"views":1123,"_links":{"self":[{"href":"https:\/\/www.brazilianpress.com\/v1\/wp-json\/wp\/v2\/posts\/45201"}],"collection":[{"href":"https:\/\/www.brazilianpress.com\/v1\/wp-json\/wp\/v2\/posts"}],"about":[{"href":"https:\/\/www.brazilianpress.com\/v1\/wp-json\/wp\/v2\/types\/post"}],"author":[{"embeddable":true,"href":"https:\/\/www.brazilianpress.com\/v1\/wp-json\/wp\/v2\/users\/1"}],"replies":[{"embeddable":true,"href":"https:\/\/www.brazilianpress.com\/v1\/wp-json\/wp\/v2\/comments?post=45201"}],"version-history":[{"count":1,"href":"https:\/\/www.brazilianpress.com\/v1\/wp-json\/wp\/v2\/posts\/45201\/revisions"}],"predecessor-version":[{"id":45203,"href":"https:\/\/www.brazilianpress.com\/v1\/wp-json\/wp\/v2\/posts\/45201\/revisions\/45203"}],"wp:featuredmedia":[{"embeddable":true,"href":"https:\/\/www.brazilianpress.com\/v1\/wp-json\/wp\/v2\/media\/45202"}],"wp:attachment":[{"href":"https:\/\/www.brazilianpress.com\/v1\/wp-json\/wp\/v2\/media?parent=45201"}],"wp:term":[{"taxonomy":"category","embeddable":true,"href":"https:\/\/www.brazilianpress.com\/v1\/wp-json\/wp\/v2\/categories?post=45201"},{"taxonomy":"post_tag","embeddable":true,"href":"https:\/\/www.brazilianpress.com\/v1\/wp-json\/wp\/v2\/tags?post=45201"}],"curies":[{"name":"wp","href":"https:\/\/api.w.org\/{rel}","templated":true}]}}