{"id":45207,"date":"2020-08-20T15:13:15","date_gmt":"2020-08-20T19:13:15","guid":{"rendered":"https:\/\/www.brazilianpress.com\/v1\/?p=45207"},"modified":"2020-08-20T15:13:15","modified_gmt":"2020-08-20T19:13:15","slug":"esportes-ao-ar-livre-na-escolas-de-new-jersey-retornarao-no-outono","status":"publish","type":"post","link":"https:\/\/www.brazilianpress.com\/v1\/2020\/08\/20\/esportes-ao-ar-livre-na-escolas-de-new-jersey-retornarao-no-outono\/","title":{"rendered":"Esportes ao ar livre na escolas de New Jersey retornar\u00e3o no outono"},"content":{"rendered":"<p><strong>A ag\u00eancia que supervisiona os esportes do ensino m\u00e9dio em New Jersey decidiu que os esportes indoor de outono ser\u00e3o adiados at\u00e9 o in\u00edcio do pr\u00f3ximo ano, mas os esportes ao ar livre come\u00e7ar\u00e3o suas temporadas em cerca de um m\u00eas.<\/strong><\/p>\n<p>A For\u00e7a-Tarefa Consultiva Esportiva da Associa\u00e7\u00e3o Atl\u00e9tica Interescolar do Estado de New Jersey lan\u00e7ou seu &#8220;Plano de Volta aos Esportes&#8221; na quinta-feira.\u00a0Tem programa\u00e7\u00f5es condensadas e abrigar\u00e1 a maioria das competi\u00e7\u00f5es locais.\u00a0O plano tamb\u00e9m pro\u00edbe competi\u00e7\u00f5es fora do estado, exceto em &#8220;circunst\u00e2ncias excepcionais&#8221; e os jogos p\u00f3s-temporada ser\u00e3o limitados e locais, sem campeonatos estaduais.<\/p>\n<p>De acordo com o plano, os esportes ao ar livre &#8211; futebol, cross country, h\u00f3quei em campo, t\u00eanis feminino e futebol, iniciciar\u00e3o no dia 14 de setembro.\u00a0A temporada de t\u00eanis feminino come\u00e7ar\u00e1 duas semanas depois, enquanto as competi\u00e7\u00f5es de cross country, h\u00f3quei em campo e futebol come\u00e7ar\u00e3o\u00a01 \u00b0 de outubro.\u00a0O dia de abertura do futebol ser\u00e1 2 de outubro.<\/p>\n<p>Os esportes indoor de outono &#8211; gin\u00e1stica e v\u00f4lei feminino &#8211; entrar\u00e3o em uma nova temporada especial que come\u00e7a com a pr\u00e1tica em 16 de fevereiro.\u00a0Eles come\u00e7ar\u00e3o suas temporadas em 3 de mar\u00e7o.<\/p>\n<p>A for\u00e7a-tarefa observou que, se as circunst\u00e2ncias for\u00e7arem o adiamento dos esportes ao ar livre, suas temporadas tamb\u00e9m ser\u00e3o disputadas durante o per\u00edodo da &#8220;temporada especial&#8221;.<\/p>\n<p>As equipes de esportes de inverno poder\u00e3o come\u00e7ar a praticar no dia 3 de dezembro, com a competi\u00e7\u00e3o come\u00e7ando no dia 21 de dezembro.<\/p>\n<p>O NJSIAA diz que as datas para a temporada de esportes da primavera ser\u00e3o anunciadas em uma data posterior.<\/p>\n<p>A ag\u00eancia disse que os objetivos da for\u00e7a-tarefa s\u00e3o garantir a sa\u00fade e a seguran\u00e7a dos atletas,\u00a0promover a participa\u00e7\u00e3o, n\u00e3o campeonatos,\u00a0limitar viagens\u00a0e permanecer flex\u00edvel diante das mudan\u00e7as de acordo com as circunst\u00e2ncias.<\/p>\n","protected":false},"excerpt":{"rendered":"<p>A ag\u00eancia que supervisiona os esportes do ensino m\u00e9dio em New Jersey decidiu que os esportes indoor de outono ser\u00e3o adiados at\u00e9 o in\u00edcio do pr\u00f3ximo ano, mas os esportes ao ar livre come\u00e7ar\u00e3o suas temporadas em cerca de um m\u00eas. A For\u00e7a-Tarefa Consultiva Esportiva da Associa\u00e7\u00e3o Atl\u00e9tica Interescolar do Estado de New Jersey lan\u00e7ou seu &#8220;Plano de Volta aos Esportes&#8221; na quinta-feira.\u00a0Tem programa\u00e7\u00f5es condensadas e abrigar\u00e1 a maioria das competi\u00e7\u00f5es locais.\u00a0O plano tamb\u00e9m pro\u00edbe competi\u00e7\u00f5es fora do estado, exceto em &#8220;circunst\u00e2ncias excepcionais&#8221; e os jogos p\u00f3s-temporada ser\u00e3o limitados e locais, sem campeonatos estaduais. De acordo com o plano, os [&hellip;]<\/p>\n","protected":false},"author":1,"featured_media":45208,"comment_status":"open","ping_status":"open","sticky":false,"template":"","format":"standard","meta":{"_links_to":"","_links_to_target":""},"categories":[4,1],"tags":[],"views":989,"_links":{"self":[{"href":"https:\/\/www.brazilianpress.com\/v1\/wp-json\/wp\/v2\/posts\/45207"}],"collection":[{"href":"https:\/\/www.brazilianpress.com\/v1\/wp-json\/wp\/v2\/posts"}],"about":[{"href":"https:\/\/www.brazilianpress.com\/v1\/wp-json\/wp\/v2\/types\/post"}],"author":[{"embeddable":true,"href":"https:\/\/www.brazilianpress.com\/v1\/wp-json\/wp\/v2\/users\/1"}],"replies":[{"embeddable":true,"href":"https:\/\/www.brazilianpress.com\/v1\/wp-json\/wp\/v2\/comments?post=45207"}],"version-history":[{"count":1,"href":"https:\/\/www.brazilianpress.com\/v1\/wp-json\/wp\/v2\/posts\/45207\/revisions"}],"predecessor-version":[{"id":45209,"href":"https:\/\/www.brazilianpress.com\/v1\/wp-json\/wp\/v2\/posts\/45207\/revisions\/45209"}],"wp:featuredmedia":[{"embeddable":true,"href":"https:\/\/www.brazilianpress.com\/v1\/wp-json\/wp\/v2\/media\/45208"}],"wp:attachment":[{"href":"https:\/\/www.brazilianpress.com\/v1\/wp-json\/wp\/v2\/media?parent=45207"}],"wp:term":[{"taxonomy":"category","embeddable":true,"href":"https:\/\/www.brazilianpress.com\/v1\/wp-json\/wp\/v2\/categories?post=45207"},{"taxonomy":"post_tag","embeddable":true,"href":"https:\/\/www.brazilianpress.com\/v1\/wp-json\/wp\/v2\/tags?post=45207"}],"curies":[{"name":"wp","href":"https:\/\/api.w.org\/{rel}","templated":true}]}}