{"id":45210,"date":"2020-08-20T13:13:55","date_gmt":"2020-08-20T17:13:55","guid":{"rendered":"https:\/\/www.brazilianpress.com\/v1\/?p=45210"},"modified":"2020-08-20T15:15:55","modified_gmt":"2020-08-20T19:15:55","slug":"fed-banco-central-americano-relaciona-desvalorizacao-do-real-a-turbulencia-politica-no-brasil","status":"publish","type":"post","link":"https:\/\/www.brazilianpress.com\/v1\/2020\/08\/20\/fed-banco-central-americano-relaciona-desvalorizacao-do-real-a-turbulencia-politica-no-brasil\/","title":{"rendered":"FED, Banco Central americano, relaciona desvaloriza\u00e7\u00e3o do real a &#8216;turbul\u00eancia pol\u00edtica&#8217; no Brasil"},"content":{"rendered":"<p><strong>A ata da \u00faltima reuni\u00e3o de pol\u00edtica monet\u00e1ria do FED (Federal Reserve), banco central dos Estados Unidos, divulgada na quarta-feira (19) trouxe uma refer\u00eancia ao Brasil, citando que o real desvalorizou ante o d\u00f3lar entre junho e julho em meio a &#8220;turbul\u00eancia pol\u00edtica&#8221; e o\u00a0&#8220;crescente&#8221; n\u00famero de casos de covid-19 no Brasil.<\/strong><\/p>\n<p>No texto, o FOMC (Comit\u00ea Federal de Mercado Aberto do Fed) citou que o \u00edndice do d\u00f3lar acompanhado pela equipe do BC dos EUA teve leve queda no per\u00edodo entre as reuni\u00f5es de 9-10 de junho e 28-29 de julho, com o euro em alta de cerca de 3% nesse intervalo.<\/p>\n<p>&#8220;Em contraste, o real brasileiro desvalorizou cerca de 5% em rela\u00e7\u00e3o ao d\u00f3lar, em meio a continua\u00e7\u00e3o dos cortes nas taxas de juros pelo Banco Central do Brasil, casos crescentes de coronav\u00edrus e turbul\u00eancia pol\u00edtica no Brasil&#8221;, disse o FED no documento.<\/p>\n<p>O d\u00f3lar, que j\u00e1 vinha em alta, acelerou os ganhos ap\u00f3s a divulga\u00e7\u00e3o da ata do FOMC para perto de R$ 5,54. O Banco Central atuou no mercado com oferta l\u00edquida de contratos de swap cambial, mas a moeda se mantinha em firme valoriza\u00e7\u00e3o de 1,05%, para R$ 5,5268.<\/p>\n<p>O real figura com o pior desempenho entre moedas emergentes compar\u00e1veis na sess\u00e3o desta quarta-feira e cai 27,3% em 2020, de longe a maior queda entre as principais divisas.<\/p>\n<p>No documento, os dirigentes do FED\u00a0reconhecem melhora das condi\u00e7\u00f5es financeiras nos Estados Unidos nos \u00faltimos meses. Para eles, isso reflete, em parte, os apoios monet\u00e1rios e fiscais oferecidos \u00e0 economia em meio \u00e0 crise da covid-19. A avalia\u00e7\u00e3o consta na ata da mais recente reuni\u00e3o de pol\u00edtica monet\u00e1ria da entidade.<\/p>\n<p>&#8220;Ap\u00f3s quedas acentuadas, a atividade econ\u00f4mica e o emprego aumentaram ligeiramente nos \u00faltimos meses, mas permaneceram bem abaixo dos n\u00edveis no in\u00edcio do ano&#8221;, pondera o documento, citando, ainda, fraca demanda por petr\u00f3leo e baixos pre\u00e7os da commodity. Esse fator, na avalia\u00e7\u00e3o dos dirigentes, estaria contendo a infla\u00e7\u00e3o no pa\u00eds. &#8220;Dirigentes viram estoque de petr\u00f3leo ainda em excesso&#8221;, tamb\u00e9m informa a ata.<\/p>\n<p>A ata ainda informa que, na avalia\u00e7\u00e3o dos dirigentes, o efeito geral da pandemia sobre os pre\u00e7os foi visto como &#8220;desinflacion\u00e1rio&#8221;, apesar dos riscos \u00e0s cadeias de abastecimento.\u00a0Na reuni\u00e3o de pol\u00edtica monet\u00e1ria, o grupo concordou que a trajet\u00f3ria da economia depende, fundamentalmente, do controle do novo coronav\u00edrus, algo &#8220;altamente incerto&#8221;,\u00a0como j\u00e1 vinham sinalizando em eventos nas \u00faltimas semanas.<\/p>\n<p>Ainda assim,\u00a0a ata traz que a recupera\u00e7\u00e3o dos gastos do consumidor foi &#8220;particularmente forte&#8221;. &#8220;Os gastos das fam\u00edlias provavelmente recuperaram cerca de metade do decl\u00ednio&#8221;, analisaram os dirigentes. &#8220;Gasto de fam\u00edlias com lazer deve ser moderado por um tempo e restringir recupera\u00e7\u00e3o&#8221;, ponderaram.<\/p>\n","protected":false},"excerpt":{"rendered":"<p>A ata da \u00faltima reuni\u00e3o de pol\u00edtica monet\u00e1ria do FED (Federal Reserve), banco central dos Estados Unidos, divulgada na quarta-feira (19) trouxe uma refer\u00eancia ao Brasil, citando que o real desvalorizou ante o d\u00f3lar entre junho e julho em meio a &#8220;turbul\u00eancia pol\u00edtica&#8221; e o\u00a0&#8220;crescente&#8221; n\u00famero de casos de covid-19 no Brasil. No texto, o FOMC (Comit\u00ea Federal de Mercado Aberto do Fed) citou que o \u00edndice do d\u00f3lar acompanhado pela equipe do BC dos EUA teve leve queda no per\u00edodo entre as reuni\u00f5es de 9-10 de junho e 28-29 de julho, com o euro em alta de cerca de [&hellip;]<\/p>\n","protected":false},"author":1,"featured_media":20473,"comment_status":"open","ping_status":"open","sticky":false,"template":"","format":"standard","meta":{"_links_to":"","_links_to_target":""},"categories":[7,1],"tags":[],"views":1548,"_links":{"self":[{"href":"https:\/\/www.brazilianpress.com\/v1\/wp-json\/wp\/v2\/posts\/45210"}],"collection":[{"href":"https:\/\/www.brazilianpress.com\/v1\/wp-json\/wp\/v2\/posts"}],"about":[{"href":"https:\/\/www.brazilianpress.com\/v1\/wp-json\/wp\/v2\/types\/post"}],"author":[{"embeddable":true,"href":"https:\/\/www.brazilianpress.com\/v1\/wp-json\/wp\/v2\/users\/1"}],"replies":[{"embeddable":true,"href":"https:\/\/www.brazilianpress.com\/v1\/wp-json\/wp\/v2\/comments?post=45210"}],"version-history":[{"count":1,"href":"https:\/\/www.brazilianpress.com\/v1\/wp-json\/wp\/v2\/posts\/45210\/revisions"}],"predecessor-version":[{"id":45211,"href":"https:\/\/www.brazilianpress.com\/v1\/wp-json\/wp\/v2\/posts\/45210\/revisions\/45211"}],"wp:featuredmedia":[{"embeddable":true,"href":"https:\/\/www.brazilianpress.com\/v1\/wp-json\/wp\/v2\/media\/20473"}],"wp:attachment":[{"href":"https:\/\/www.brazilianpress.com\/v1\/wp-json\/wp\/v2\/media?parent=45210"}],"wp:term":[{"taxonomy":"category","embeddable":true,"href":"https:\/\/www.brazilianpress.com\/v1\/wp-json\/wp\/v2\/categories?post=45210"},{"taxonomy":"post_tag","embeddable":true,"href":"https:\/\/www.brazilianpress.com\/v1\/wp-json\/wp\/v2\/tags?post=45210"}],"curies":[{"name":"wp","href":"https:\/\/api.w.org\/{rel}","templated":true}]}}