{"id":45226,"date":"2020-08-22T09:25:06","date_gmt":"2020-08-22T13:25:06","guid":{"rendered":"https:\/\/www.brazilianpress.com\/v1\/?p=45226"},"modified":"2020-08-22T09:25:06","modified_gmt":"2020-08-22T13:25:06","slug":"alerta-nos-eua-golfo-do-mexico-pode-ter-pela-1a-vez-dois-furacoes-simultaneos","status":"publish","type":"post","link":"https:\/\/www.brazilianpress.com\/v1\/2020\/08\/22\/alerta-nos-eua-golfo-do-mexico-pode-ter-pela-1a-vez-dois-furacoes-simultaneos\/","title":{"rendered":"Alerta nos EUA: Golfo do M\u00e9xico pode ter pela 1\u00aa vez dois furac\u00f5es simult\u00e2neos"},"content":{"rendered":"<p><strong>Duas tempestades tropicais com chances de evolu\u00edrem para furac\u00f5es podem atingir simultaneamente a parte norte-americana do Golfo do M\u00e9xico. Segundo os especialistas, o fen\u00f4meno seria in\u00e9dito. De acordo com o Weather Channel, a tempestade tropical Laura est\u00e1 em curso para entrar no Golfo do M\u00e9xico e atingir a Fl\u00f3rida no in\u00edcio da pr\u00f3xima semana.<\/strong><\/p>\n<p>J\u00e1 a Depress\u00e3o Tropical 14 provavelmente passar\u00e1 a oeste de Laura, amea\u00e7ando os estados do Texas e da Louisiana. O especialista em furac\u00f5es, Dr. Michael Ventrice, disse para o site NY Daily News que os fen\u00f4menos clim\u00e1ticos t\u00eam potencial para ganhar for\u00e7a nos pr\u00f3ximos dias. Laura est\u00e1 se aproximando do Golfo pelo leste e provavelmente afetar\u00e1 Porto Rico e as Ilhas Virgens no fim de semana. Espera-se que a tempestade tropical chegue a Florida Keys na segunda-feira (24) e depois siga em dire\u00e7\u00e3o \u00e0 regi\u00e3o de Panhandle.<\/p>\n<p>Os meteorologistas alertam que existem in\u00fameras vari\u00e1veis que podem alterar as duas tempestades \u2014 como for\u00e7a e trajet\u00f3ria \u2014, mas a ter\u00e7a (25) e quarta-feira (26) devem ser chuvosas ao longo da costa. Nunca houve dois furac\u00f5es na parte norte-americana do Golfo do M\u00e9xico ao mesmo tempo, de acordo com o NHC (National Hurricane Center). O evento mais pr\u00f3ximo j\u00e1 registrado foi em 1933, quando um grande furac\u00e3o atingiu o sul do Texas, enquanto outro furac\u00e3o se transformou em tempestade tropical ap\u00f3s cruzar a pen\u00ednsula da Fl\u00f3rida, disse o NHC.<\/p>\n","protected":false},"excerpt":{"rendered":"<p>Duas tempestades tropicais com chances de evolu\u00edrem para furac\u00f5es podem atingir simultaneamente a parte norte-americana do Golfo do M\u00e9xico. Segundo os especialistas, o fen\u00f4meno seria in\u00e9dito. De acordo com o Weather Channel, a tempestade tropical Laura est\u00e1 em curso para entrar no Golfo do M\u00e9xico e atingir a Fl\u00f3rida no in\u00edcio da pr\u00f3xima semana. J\u00e1 a Depress\u00e3o Tropical 14 provavelmente passar\u00e1 a oeste de Laura, amea\u00e7ando os estados do Texas e da Louisiana. O especialista em furac\u00f5es, Dr. Michael Ventrice, disse para o site NY Daily News que os fen\u00f4menos clim\u00e1ticos t\u00eam potencial para ganhar for\u00e7a nos pr\u00f3ximos dias. Laura [&hellip;]<\/p>\n","protected":false},"author":1,"featured_media":45227,"comment_status":"open","ping_status":"open","sticky":false,"template":"","format":"standard","meta":{"_links_to":"","_links_to_target":""},"categories":[3,1,10],"tags":[],"views":1593,"_links":{"self":[{"href":"https:\/\/www.brazilianpress.com\/v1\/wp-json\/wp\/v2\/posts\/45226"}],"collection":[{"href":"https:\/\/www.brazilianpress.com\/v1\/wp-json\/wp\/v2\/posts"}],"about":[{"href":"https:\/\/www.brazilianpress.com\/v1\/wp-json\/wp\/v2\/types\/post"}],"author":[{"embeddable":true,"href":"https:\/\/www.brazilianpress.com\/v1\/wp-json\/wp\/v2\/users\/1"}],"replies":[{"embeddable":true,"href":"https:\/\/www.brazilianpress.com\/v1\/wp-json\/wp\/v2\/comments?post=45226"}],"version-history":[{"count":1,"href":"https:\/\/www.brazilianpress.com\/v1\/wp-json\/wp\/v2\/posts\/45226\/revisions"}],"predecessor-version":[{"id":45228,"href":"https:\/\/www.brazilianpress.com\/v1\/wp-json\/wp\/v2\/posts\/45226\/revisions\/45228"}],"wp:featuredmedia":[{"embeddable":true,"href":"https:\/\/www.brazilianpress.com\/v1\/wp-json\/wp\/v2\/media\/45227"}],"wp:attachment":[{"href":"https:\/\/www.brazilianpress.com\/v1\/wp-json\/wp\/v2\/media?parent=45226"}],"wp:term":[{"taxonomy":"category","embeddable":true,"href":"https:\/\/www.brazilianpress.com\/v1\/wp-json\/wp\/v2\/categories?post=45226"},{"taxonomy":"post_tag","embeddable":true,"href":"https:\/\/www.brazilianpress.com\/v1\/wp-json\/wp\/v2\/tags?post=45226"}],"curies":[{"name":"wp","href":"https:\/\/api.w.org\/{rel}","templated":true}]}}