{"id":45229,"date":"2020-08-22T13:06:50","date_gmt":"2020-08-22T17:06:50","guid":{"rendered":"https:\/\/www.brazilianpress.com\/v1\/?p=45229"},"modified":"2020-08-22T13:08:05","modified_gmt":"2020-08-22T17:08:05","slug":"deportado-dos-eua-brasileiro-e-preso-por-trafico-ao-desembarcar-em-bh","status":"publish","type":"post","link":"https:\/\/www.brazilianpress.com\/v1\/2020\/08\/22\/deportado-dos-eua-brasileiro-e-preso-por-trafico-ao-desembarcar-em-bh\/","title":{"rendered":"Deportado dos EUA, brasileiro \u00e9 preso por tr\u00e1fico ao desembarcar em BH"},"content":{"rendered":"<p><strong>Um homem, de 47 anos, foi preso pela Pol\u00edcia Federal, nesta sexta-feira (21), ap\u00f3s desembarcar no Aeroporto Internacional Tancredo Neves, em Confins, na regi\u00e3o metropolitana de Belo Horizonte. Ele veio em um voo com outros 143 deportados dos Estados Unidos.<\/strong><\/p>\n<p>Desde o ano passado, mais de 1.000 pessoas que tentaram entrar ilegalmente no pa\u00eds norte-americano foram enviadas de volta ao Brasil em voos fretados pela ag\u00eancia de controle de imigra\u00e7\u00e3o. Segundo a corpora\u00e7\u00e3o, o homem foi abordado pelos agentes durante o procedimento de controle migrat\u00f3rio. Segundo a Pol\u00edcia Federal, ele estava foragido e era procurado pela Interpol (Organiza\u00e7\u00e3o Internacional de Pol\u00edcia Criminal).<\/p>\n<p>De acordo com a PF, o homem possuia um mandado de pris\u00e3o em aberto, que foi expedido pela 6\u00b0 Vara Federal Criminal do Rio de Janeiro, pelos crimes de tr\u00e1fico internacional de drogas e associa\u00e7\u00e3o para o tr\u00e1fico. Ainda segundo a corpora\u00e7\u00e3o, as penas m\u00e1ximas para esses tipos de crimes podem ultrapassar os 30 anos de pris\u00e3o. A corpora\u00e7\u00e3o informou que o homem foi preso e levado para o Ceresp (Centro de Remanejamento do Sistema Prisional) Gameleira, na regi\u00e3o Oeste de Belo Horizonte, onde ficar\u00e1 \u00e0 disposi\u00e7\u00e3o da Justi\u00e7a.<\/p>\n<p><strong>&#8220;Passaporte falso de beb\u00ea&#8221;: Casal deportado tamb\u00e9m foi preso<\/strong><\/p>\n<p>Segundo a PF, os agentes tamb\u00e9m fizeram uma abordagem a um casal que desembarcou do voo vindo os EUA. Segundo a corpora\u00e7\u00e3o, eles haviam falsificado um passaporte para um beb\u00ea de apenas tr\u00eas meses, al\u00e9m de se passarem pelos pais da crian\u00e7a. De acordo com a pol\u00edcia, a pr\u00e1tica costuma ser utilizada por imigrantes para facilitar a entrada e perman\u00eancia nos Estados Unidos. Ainda segundo a PF, h\u00e1 suspeitas de que a m\u00e3e biol\u00f3gica do beb\u00ea teria concordado com o esquema, sendo, inclusive, passageira do mesmo voo que levou o casal e a crian\u00e7a para o estado americano. A reportagem tentou entrar em contato com a Pol\u00edcia Federal para saber a situa\u00e7\u00e3o do casal, mas at\u00e9 o momento n\u00e3o obteve retorno. \/\/ R7.<\/p>\n","protected":false},"excerpt":{"rendered":"<p>Um homem, de 47 anos, foi preso pela Pol\u00edcia Federal, nesta sexta-feira (21), ap\u00f3s desembarcar no Aeroporto Internacional Tancredo Neves, em Confins, na regi\u00e3o metropolitana de Belo Horizonte. Ele veio em um voo com outros 143 deportados dos Estados Unidos. Desde o ano passado, mais de 1.000 pessoas que tentaram entrar ilegalmente no pa\u00eds norte-americano foram enviadas de volta ao Brasil em voos fretados pela ag\u00eancia de controle de imigra\u00e7\u00e3o. Segundo a corpora\u00e7\u00e3o, o homem foi abordado pelos agentes durante o procedimento de controle migrat\u00f3rio. Segundo a Pol\u00edcia Federal, ele estava foragido e era procurado pela Interpol (Organiza\u00e7\u00e3o Internacional de [&hellip;]<\/p>\n","protected":false},"author":1,"featured_media":45230,"comment_status":"open","ping_status":"open","sticky":false,"template":"","format":"standard","meta":{"_links_to":"","_links_to_target":""},"categories":[7,4,3,1],"tags":[],"views":1837,"_links":{"self":[{"href":"https:\/\/www.brazilianpress.com\/v1\/wp-json\/wp\/v2\/posts\/45229"}],"collection":[{"href":"https:\/\/www.brazilianpress.com\/v1\/wp-json\/wp\/v2\/posts"}],"about":[{"href":"https:\/\/www.brazilianpress.com\/v1\/wp-json\/wp\/v2\/types\/post"}],"author":[{"embeddable":true,"href":"https:\/\/www.brazilianpress.com\/v1\/wp-json\/wp\/v2\/users\/1"}],"replies":[{"embeddable":true,"href":"https:\/\/www.brazilianpress.com\/v1\/wp-json\/wp\/v2\/comments?post=45229"}],"version-history":[{"count":3,"href":"https:\/\/www.brazilianpress.com\/v1\/wp-json\/wp\/v2\/posts\/45229\/revisions"}],"predecessor-version":[{"id":45233,"href":"https:\/\/www.brazilianpress.com\/v1\/wp-json\/wp\/v2\/posts\/45229\/revisions\/45233"}],"wp:featuredmedia":[{"embeddable":true,"href":"https:\/\/www.brazilianpress.com\/v1\/wp-json\/wp\/v2\/media\/45230"}],"wp:attachment":[{"href":"https:\/\/www.brazilianpress.com\/v1\/wp-json\/wp\/v2\/media?parent=45229"}],"wp:term":[{"taxonomy":"category","embeddable":true,"href":"https:\/\/www.brazilianpress.com\/v1\/wp-json\/wp\/v2\/categories?post=45229"},{"taxonomy":"post_tag","embeddable":true,"href":"https:\/\/www.brazilianpress.com\/v1\/wp-json\/wp\/v2\/tags?post=45229"}],"curies":[{"name":"wp","href":"https:\/\/api.w.org\/{rel}","templated":true}]}}