{"id":45235,"date":"2020-08-23T11:28:05","date_gmt":"2020-08-23T15:28:05","guid":{"rendered":"https:\/\/www.brazilianpress.com\/v1\/?p=45235"},"modified":"2020-08-23T11:28:05","modified_gmt":"2020-08-23T15:28:05","slug":"se-eleito-biden-liderara-cruzada-mundial-contra-as-queimadas-na-amazonia-dizem-analistas","status":"publish","type":"post","link":"https:\/\/www.brazilianpress.com\/v1\/2020\/08\/23\/se-eleito-biden-liderara-cruzada-mundial-contra-as-queimadas-na-amazonia-dizem-analistas\/","title":{"rendered":"Se eleito, Biden liderar\u00e1 &#8220;cruzada mundial&#8221; contra as queimadas na Amaz\u00f4nia, dizem analistas"},"content":{"rendered":"<p><strong>A conclus\u00e3o entre os analistas \u00e9 imperativa: o principal receio do Governo Bolsonaro em rela\u00e7\u00e3o a Joe Biden, candidato democrata \u00e0 Presid\u00eancia dos EUA, \u00e9 sua postura sobre as queimadas na Amaz\u00f4nia. Em entrevistas, ele j\u00e1 falou algumas vezes sobre o assunto.<\/strong><\/p>\n<p>\u201cDever\u00edamos ter um presidente que conversasse com o presidente do Brasil e dissesse para ele parar de queimar a floresta\u201d, disse Biden \u00e0 rede CNBC. Para a revista Americas Quarterly, Biden declarou: \u201cO presidente Bolsonaro precisa saber que, se o Brasil fracassar na sua tarefa de guardi\u00e3o da floresta amaz\u00f4nica, o meu Governo ir\u00e1 congregar o mundo para garantir que o meio ambiente seja protegido\u201d.<\/p>\n<p><strong>As 5 plataformas principais de Biden<\/strong><\/p>\n<p>&#8220;Ap\u00f3s mais de um ano de campanha, Joe Biden finalmente foi nomeado como candidato \u00e0 presid\u00eancia do Partido Democrata. O ex-vice-presidente enfrentar\u00e1 o republicano Donald Trump na corrida eleitoral mais importante do mundo, marcada para 3 de novembro. A conven\u00e7\u00e3o nacional do partido, que oficializou a candidatura de Biden nesta semana, mostrou que os democratas est\u00e3o buscando deixar de lado as diferen\u00e7as internas para derrotar o atual morador da Casa Branca. Muitas cr\u00edticas foram feitas a Trump e tamb\u00e9m muito se falou sobre a trajet\u00f3ria de Biden, contudo, as propostas de governo ficaram em segundo plano, justamente porque algumas fomentam conflitos intrapartid\u00e1rios e podem at\u00e9 afastar eleitores democratas, sejam mais progressistas ou mais conservadores. Veja a seguir como Biden se posiciona em rela\u00e7\u00e3o a cinco assuntos pol\u00eamicos para os americanos.<\/p>\n<p><strong>Sa\u00fade<\/strong><\/p>\n<p>Os democratas t\u00eam batido na tecla de que o presidente Donald Trump \u00e9, de alguma maneira, o culpado pelos Estados Unidos ocuparem o topo do ranking de casos e mortes pela Covid-19. Mas o que, ent\u00e3o, o candidato do partido prop\u00f5e para responder \u00e0 mais grave crise de sa\u00fade do s\u00e9culo? O plano de Biden \u00e9 garantir uma ampla disponibilidade de testes gratuitos para a doen\u00e7a e estabelecer um grande programa nacional de rastreamento de poss\u00edveis casos, contratando milhares de pessoas para o trabalho. Ele tamb\u00e9m defende que \u00e9 preciso eliminar \u201ctodas as barreiras de custo\u201d para cuidados preventivos e tratamento da Covid-19, inclusive para uma vacina. Para cobrir os custos destas e outras propostas ele quer criar um Fundo de Emerg\u00eancia Estadual e Local. O ex-vice-presidente promete ainda que as decis\u00f5es de sa\u00fade p\u00fablica, em seu governo, ser\u00e3o tomadas por profissionais da sa\u00fade e n\u00e3o por pol\u00edticos e que, ap\u00f3s a crise, tomar\u00e1 medidas necess\u00e1rias para produzir produtos farmac\u00eauticos e m\u00e9dicos de origem americana, a fim de reduzir a depend\u00eancia dos EUA de fontes estrangeiras \u201cque n\u00e3o s\u00e3o confi\u00e1veis \u200b\u200bem tempos de crise\u201d.<\/p>\n<p>Outro assunto importante no debate americano s\u00e3o os planos de sa\u00fade. A ala mais \u00e0 esquerda do Partido Democrata apoia a cria\u00e7\u00e3o de uma assist\u00eancia de sa\u00fade universal e \u00fanica, controlada pelo governo, o chamado Medicare for All, do senador Bernie Sanders. At\u00e9 mesmo a vice de Biden, Kamala Harris, chegou a endossar a proposta que custaria mais de US$ 20 trilh\u00f5es ao pa\u00eds quando era candidata nas prim\u00e1rias democratas, mas depois voltou atr\u00e1s. Biden, por sua vez, n\u00e3o apoia o projeto, que tem como um de seus rivais os sindicatos dos trabalhadores, que querem manter seus generosos planos de sa\u00fade atuais. Contudo, o candidato democrata \u00e9 a favor de uma extens\u00e3o da Lei de Assist\u00eancia Acess\u00edvel, conhecida como Obamacare, para permitir que mais americanos tenham cobertura de sa\u00fade. Atualmente o programa Medicare beneficia pessoas com 65 anos ou mais e com um determinado teto de renda. Biden promete baixar a idade de ades\u00e3o para 60 anos.Tamb\u00e9m disse que pretende dar a todos os americanos acesso a um seguro de sa\u00fade financeiramente acess\u00edvel por meio da cria\u00e7\u00e3o de um plano p\u00fablico semelhante ao Medicare, o que deve custar aos EUA US$ 2 trilh\u00f5es ao longo de uma d\u00e9cada. Biden tamb\u00e9m apoia a preserva\u00e7\u00e3o constitucional do direito ao aborto e a restaura\u00e7\u00e3o do financiamento federal \u00e0 organiza\u00e7\u00e3o Planned Parenthood.<\/p>\n<p><strong>Economia<\/strong><\/p>\n<p>As propostas econ\u00f4micas de Joe Biden se dividem em tr\u00eas pautas interligadas: revitalizar a classe m\u00e9dia americana, fomentar a equidade racial na economia e impulsionar a manufatura e a inova\u00e7\u00e3o do pa\u00eds. A agenda econ\u00f4mica do candidato \u00e9 mais protecionista quanto \u00e0 ind\u00fastria do pa\u00eds, comparado a de candidatos democratas de outras \u00e9pocas, quando a defesa do livre com\u00e9rcio era algo central na proposta econ\u00f4mica do partido. Essa mudan\u00e7a foi motivada principalmente pela pandemia de Covid-19, que exp\u00f4s a dificuldade da ind\u00fastria americana em fornecer insumos essenciais \u00e0 luta contra o v\u00edrus. Biden disse que vai impulsionar uma campanha para que os americanos comprem produtos fabricados no pa\u00eds ao mesmo tempo em que fomentar\u00e1 pequenas ind\u00fastrias. Outra aposta de Biden para conquistar os trabalhadores \u00e9 aumentar o sal\u00e1rio m\u00ednimo dos atuais US$ 7,25 por hora para US$ 15 at\u00e9 2026, para que depois ele seja reajustado de acordo com a infla\u00e7\u00e3o. O candidato tamb\u00e9m defende a expans\u00e3o dos sindicatos dos trabalhadores e direcionar investimentos para promover a igualdade racial como parte da recupera\u00e7\u00e3o econ\u00f4mica do pa\u00eds.<\/p>\n<p><strong>Meio ambiente<\/strong><\/p>\n<p>A agenda econ\u00f4mica tem liga\u00e7\u00e3o direta com as propostas ambientais. Biden prop\u00f5e a constru\u00e7\u00e3o de uma economia de energia limpa que possa tornar os EUA uma superpot\u00eancia em energias renov\u00e1veis ao mesmo tempo em que cria empregos de qualidade no pa\u00eds. Neste quesito ele abra\u00e7ou a proposta da ala esquerdista do Partido Democrata, o Green New Deal, que prev\u00ea que os EUA tenham economia com energia 100% limpa e zerem as emiss\u00f5es de carbono at\u00e9 2050. Enquanto os republicanos alegam que a transi\u00e7\u00e3o seria muito custosa para a economia do pa\u00eds, Biden defende que ela trar\u00e1 oportunidades de neg\u00f3cios. Segundo o plano do democrata, para chegar a esse objetivo o governo federal deve investir US$1,7 trilh\u00e3o e o setor privado US$ 5 trilh\u00f5es nos pr\u00f3ximos 10 anos. Esse valor seria alcan\u00e7ado revertendo as pol\u00edticas de corte de impostos para empresas, reduzindo incentivos para para\u00edsos fiscais, evas\u00e3o e terceiriza\u00e7\u00e3o e acabando com os subs\u00eddios para combust\u00edveis f\u00f3sseis. Biden ainda prometeu que, se for eleito, vai colocar os Estados Unidos novamente como signat\u00e1rio do Acordo do Clima de Paris, revertendo a decis\u00e3o tomada por Trump ainda em seu primeiro ano como presidente. Para reafirmar seu compromisso com a causa ambiental &#8211; e evitar cr\u00edticas &#8211; a campanha de Biden informou que n\u00e3o vai aceitar doa\u00e7\u00f5es de executivos ou empresas do setor de petr\u00f3leo, g\u00e1s e carv\u00e3o.<\/p>\n<p><strong>Imigra\u00e7\u00e3o<\/strong><\/p>\n<p>Basicamente Biden promete reverter todas as pol\u00edticas de imigra\u00e7\u00e3o adotadas no governo Trump, priorizando a reunifica\u00e7\u00e3o de fam\u00edlias que foram separadas ao cruzar a fronteira dos EUA ilegalmente. Ele tamb\u00e9m diz que colocar\u00e1 um fim ao limite de solicita\u00e7\u00f5es de asilo e ref\u00fagio, mas, diferente de outros pol\u00edticos democratas, ele n\u00e3o apoia a elimina\u00e7\u00e3o de penalidades criminais para aqueles que entram ilegalmente no pa\u00eds. Biden prop\u00f5e acabar com restri\u00e7\u00f5es de viagens a imigrantes de pa\u00edses de maioria mu\u00e7ulmana e disse que garantir\u00e1 a cidadania a centenas de milhares de pessoas que chegaram aos Estados Unidos ainda crian\u00e7as, acompanhando seus pais em travessias ilegais, conhecidos como \u201cdreamers\u201d.<\/p>\n<p><strong>Racismo e justi\u00e7a<\/strong><\/p>\n<p>O candidato democrata prop\u00f5e que o sistema de justi\u00e7a criminal dos Estados Unidos seja reformado, com o objetivo de reduzir o n\u00famero de pessoas presas e eliminar disparidades raciais e de g\u00eanero. Entre outras promessas, ele criaria um programa de financiamento para incentivar os estados a diminuir sua popula\u00e7\u00e3o carcer\u00e1ria, descriminalizar a maconha e acabar com a pena de morte. Embora defenda maior participa\u00e7\u00e3o dos servi\u00e7os sociais em casos que atualmente s\u00e3o atendidos pela pol\u00edcia, Biden n\u00e3o apoia a campanha para desfinanciar os departamentos policiais, promovida por v\u00e1rias lideran\u00e7as democratas ap\u00f3s os protestos pela morte do afro-americano George Floyd por um policial branco. Biden disse ainda que criar\u00e1 programas sociais e econ\u00f4micos para apoiar minorias, como um fundo de investimento de US$ 30 bilh\u00f5es para impulsionar pequenos neg\u00f3cios empreendidos por mulheres e negros. \/\/ Gazeta do Povo.<\/p>\n","protected":false},"excerpt":{"rendered":"<p>A conclus\u00e3o entre os analistas \u00e9 imperativa: o principal receio do Governo Bolsonaro em rela\u00e7\u00e3o a Joe Biden, candidato democrata \u00e0 Presid\u00eancia dos EUA, \u00e9 sua postura sobre as queimadas na Amaz\u00f4nia. Em entrevistas, ele j\u00e1 falou algumas vezes sobre o assunto. \u201cDever\u00edamos ter um presidente que conversasse com o presidente do Brasil e dissesse para ele parar de queimar a floresta\u201d, disse Biden \u00e0 rede CNBC. Para a revista Americas Quarterly, Biden declarou: \u201cO presidente Bolsonaro precisa saber que, se o Brasil fracassar na sua tarefa de guardi\u00e3o da floresta amaz\u00f4nica, o meu Governo ir\u00e1 congregar o mundo para [&hellip;]<\/p>\n","protected":false},"author":1,"featured_media":45236,"comment_status":"open","ping_status":"open","sticky":false,"template":"","format":"standard","meta":{"_links_to":"","_links_to_target":""},"categories":[4,3,1],"tags":[],"views":1630,"_links":{"self":[{"href":"https:\/\/www.brazilianpress.com\/v1\/wp-json\/wp\/v2\/posts\/45235"}],"collection":[{"href":"https:\/\/www.brazilianpress.com\/v1\/wp-json\/wp\/v2\/posts"}],"about":[{"href":"https:\/\/www.brazilianpress.com\/v1\/wp-json\/wp\/v2\/types\/post"}],"author":[{"embeddable":true,"href":"https:\/\/www.brazilianpress.com\/v1\/wp-json\/wp\/v2\/users\/1"}],"replies":[{"embeddable":true,"href":"https:\/\/www.brazilianpress.com\/v1\/wp-json\/wp\/v2\/comments?post=45235"}],"version-history":[{"count":1,"href":"https:\/\/www.brazilianpress.com\/v1\/wp-json\/wp\/v2\/posts\/45235\/revisions"}],"predecessor-version":[{"id":45237,"href":"https:\/\/www.brazilianpress.com\/v1\/wp-json\/wp\/v2\/posts\/45235\/revisions\/45237"}],"wp:featuredmedia":[{"embeddable":true,"href":"https:\/\/www.brazilianpress.com\/v1\/wp-json\/wp\/v2\/media\/45236"}],"wp:attachment":[{"href":"https:\/\/www.brazilianpress.com\/v1\/wp-json\/wp\/v2\/media?parent=45235"}],"wp:term":[{"taxonomy":"category","embeddable":true,"href":"https:\/\/www.brazilianpress.com\/v1\/wp-json\/wp\/v2\/categories?post=45235"},{"taxonomy":"post_tag","embeddable":true,"href":"https:\/\/www.brazilianpress.com\/v1\/wp-json\/wp\/v2\/tags?post=45235"}],"curies":[{"name":"wp","href":"https:\/\/api.w.org\/{rel}","templated":true}]}}