{"id":45241,"date":"2020-08-24T13:12:24","date_gmt":"2020-08-24T17:12:24","guid":{"rendered":"https:\/\/www.brazilianpress.com\/v1\/?p=45241"},"modified":"2020-08-24T13:12:24","modified_gmt":"2020-08-24T17:12:24","slug":"alerta-confirmado-duas-tempestades-tropicais-simultaneas-se-aproximam-dos-eua","status":"publish","type":"post","link":"https:\/\/www.brazilianpress.com\/v1\/2020\/08\/24\/alerta-confirmado-duas-tempestades-tropicais-simultaneas-se-aproximam-dos-eua\/","title":{"rendered":"Alerta confirmado: Duas tempestades tropicais simult\u00e2neas se aproximam dos EUA"},"content":{"rendered":"<p><strong>A temporada de furac\u00f5es de 2020 no Atl\u00e2ntico Norte segue fazendo hist\u00f3ria e surpreendendo a todos. Neste momento, dois sistemas tropicais amea\u00e7am atingir a costa sul dos Estados Unidos, um seguido do outro, algo muito incomum de acontecer! Duas tempestades tropicais, Marco e Laura, est\u00e3o avan\u00e7ando simultaneamente sobre o oceano no Golfo do M\u00e9xico.<\/strong><\/p>\n<p>\u00c9 raro haver duas tempestades tropicais no Golfo do M\u00e9xico ao mesmo tempo! De acordo com registros da NOAA, isso ocorreu apenas duas vezes na hist\u00f3ria, em junho de 1959 e setembro de 1933, sendo essa a terceira vez.<\/p>\n<p>Marco se originou a partir de uma onda tropical que ganhou for\u00e7a no Caribe central na quarta-feira da semana passada (19). No dia 20 o Centro Nacional de Furac\u00f5es dos Estados Unidos (NHC) designou essa onda como Depress\u00e3o Tropical 14. Sua intensifica\u00e7\u00e3o foi relativamente lenta, a princ\u00edpio, se desenvolvendo para Tempestade Tropical Marco no s\u00e1bado (22), a oeste de Belize e da costa sudeste do M\u00e9xico.<\/p>\n<p><img src=\"https:\/\/kubrick.htvapps.com\/htv-prod-media.s3.amazonaws.com\/images\/screen-shot-2020-08-23-at-1-37-15-pm-1598204457.png?resize=660:*\" alt=\"Belski's Blog: Marco...... Laura\" \/><\/p>\n<p>Marco seguiu uma trajet\u00f3ria para norte, sem tocar o continente, at\u00e9 chegar ao Golfo do M\u00e9xico, onde ganhou for\u00e7a e evoluiu para um furac\u00e3o categoria 1 nesse domingo (23), se tornando o terceiro furac\u00e3o da temporada desse ano. Entretanto, ainda no domingo, Marco perdeu for\u00e7a e voltou a categoria de tempestade tropical.<\/p>\n<p>Os impactos da tempestade Marco j\u00e1 est\u00e3o sendo sentidos ao longo da costa da Louisina at\u00e9 o noroeste da Fl\u00f3rida, com ondas fortes e chuvas torrenciais. Avisos de tempestade foram emitidos para grande parte do estado de Louisiana e a costa do estado de Mississipi, devido as inunda\u00e7\u00f5es previstas. Ventos de 60 a 100 km\/h s\u00e3o esperados ao longo da costa desses dois estados, incluindo a cidade de Nova Orleans. Marco deve tocar o continente na costa de Louisiana na noite de hoje.<\/p>\n<blockquote class=\"twitter-tweet\" data-width=\"550\" data-dnt=\"true\">\n<p lang=\"en\" dir=\"ltr\">Twin tropical threats&#8230; Both aimed at the US Gulf Coast.<\/p>\n<p>We&#39;re LIVE with latest details you need to know about <a href=\"https:\/\/twitter.com\/hashtag\/Marco?src=hash&amp;ref_src=twsrc%5Etfw\">#Marco<\/a> and <a href=\"https:\/\/twitter.com\/hashtag\/Laura?src=hash&amp;ref_src=twsrc%5Etfw\">#Laura<\/a>. <a href=\"https:\/\/t.co\/Xf7oWRtcbE\">pic.twitter.com\/Xf7oWRtcbE<\/a><\/p>\n<p>&mdash; The Weather Channel (@weatherchannel) <a href=\"https:\/\/twitter.com\/weatherchannel\/status\/1297898471622692864?ref_src=twsrc%5Etfw\">August 24, 2020<\/a><\/p><\/blockquote>\n<p><script async src=\"https:\/\/platform.twitter.com\/widgets.js\" charset=\"utf-8\"><\/script><\/p>\n<p>A Tempestade Tropical Laura se desenvolveu no Oceano Atl\u00e2ntico, a apenas algumas centenas de quil\u00f4metros a leste\/sudeste das Ilhas Leeward, na sexta-feira (21), quebrando o recorde de forma\u00e7\u00e3o mais antecipada de uma tempestade de letra \u201cL\u201d durante a temporada. O recorde anterior era da tempestade Luis, que se formou no dia 29 de agosto de 1995.<\/p>\n<p>Laura causou chuvas torrenciais, ventos fortes e inunda\u00e7\u00f5es em sua passagem pelo Haiti e Rep\u00fablica Dominicana. Pelos menos 12 mortes foram registradas em decorr\u00eancia da tempestade, 3 na Rep\u00fablica Dominica e 9 no Haiti. Atualmente Laura est\u00e1 atuando na costa sul de Cuba, podendo gerar chuvas fortes e inunda\u00e7\u00f5es em Cuba e na Jamaica.<\/p>\n<blockquote class=\"twitter-tweet\" data-width=\"550\" data-dnt=\"true\">\n<p lang=\"en\" dir=\"ltr\">Floodwaters caused by Tropical Storm Laura&#39;s heavy rain raced through streets in Haiti on Aug. 23, as the storm pushed through the Caribbean: <a href=\"https:\/\/t.co\/goxqd6Svaa\">https:\/\/t.co\/goxqd6Svaa<\/a> <a href=\"https:\/\/t.co\/dxjua2PygD\">pic.twitter.com\/dxjua2PygD<\/a><\/p>\n<p>&mdash; AccuWeather (@accuweather) <a href=\"https:\/\/twitter.com\/accuweather\/status\/1297905890025246720?ref_src=twsrc%5Etfw\">August 24, 2020<\/a><\/p><\/blockquote>\n<p><script async src=\"https:\/\/platform.twitter.com\/widgets.js\" charset=\"utf-8\"><\/script><\/p>\n<p>Ao encontrar as \u00e1guas quentes do Golfo do M\u00e9xico, Laura deve evoluir para um furac\u00e3o de categoria 1, podendo chegar at\u00e9 mesmo a uma categoria 3. As previs\u00f5es indicam que Laura deve atingir a costa do Texas e Louisiana como um furac\u00e3o de categoria 2 na quarta-feira (26). Partes de Louisiana n\u00e3o ter\u00e3o tempo de se recuperar, pois Marco deve deixar de influenciar o estado na ter\u00e7a, mas logo na quarta pela manh\u00e3 j\u00e1 estar\u00e3o sentindo os efeitos da chegada de Laura!<\/p>\n<p>A temporada de furac\u00f5es de 2020 do Atl\u00e2ntico Norte pode ser uma das mais ativas da hist\u00f3ria, novas previs\u00f5es indicam uma atividade de sistemas tropicais bem acima da m\u00e9dia! At\u00e9 o momento 13 tempestades tropicais foram registradas, incluindo Laura e Marco, e 3 furac\u00f5es (Hanna, Isaias e Marco). \/\/ Tempo.com<\/p>\n<blockquote class=\"twitter-tweet\" data-width=\"550\" data-dnt=\"true\">\n<p lang=\"pt\" dir=\"ltr\">As Tempestades Tropicais <a href=\"https:\/\/twitter.com\/hashtag\/Marco?src=hash&amp;ref_src=twsrc%5Etfw\">#Marco<\/a> e <a href=\"https:\/\/twitter.com\/hashtag\/Laura?src=hash&amp;ref_src=twsrc%5Etfw\">#Laura<\/a> est\u00e3o sobre as \u00e1guas quentes do Golfo do M\u00e9xico e devem atingir os estados do sul dos Estados Unidos hoje e na quarta-feira, respectivamente!<\/p>\n<p>Veja mais alertas meteorol\u00f3gicos do mundo em: <a href=\"https:\/\/t.co\/iLLLazcNCO\">https:\/\/t.co\/iLLLazcNCO<\/a> <a href=\"https:\/\/t.co\/viPYGIltLc\">pic.twitter.com\/viPYGIltLc<\/a><\/p>\n<p>&mdash; Paola Bueno (@PaolaGBueno) <a href=\"https:\/\/twitter.com\/PaolaGBueno\/status\/1297925413910589440?ref_src=twsrc%5Etfw\">August 24, 2020<\/a><\/p><\/blockquote>\n<p><script async src=\"https:\/\/platform.twitter.com\/widgets.js\" charset=\"utf-8\"><\/script><\/p>\n","protected":false},"excerpt":{"rendered":"<p>A temporada de furac\u00f5es de 2020 no Atl\u00e2ntico Norte segue fazendo hist\u00f3ria e surpreendendo a todos. Neste momento, dois sistemas tropicais amea\u00e7am atingir a costa sul dos Estados Unidos, um seguido do outro, algo muito incomum de acontecer! Duas tempestades tropicais, Marco e Laura, est\u00e3o avan\u00e7ando simultaneamente sobre o oceano no Golfo do M\u00e9xico. \u00c9 raro haver duas tempestades tropicais no Golfo do M\u00e9xico ao mesmo tempo! De acordo com registros da NOAA, isso ocorreu apenas duas vezes na hist\u00f3ria, em junho de 1959 e setembro de 1933, sendo essa a terceira vez. Marco se originou a partir de uma [&hellip;]<\/p>\n","protected":false},"author":1,"featured_media":45242,"comment_status":"open","ping_status":"open","sticky":false,"template":"","format":"standard","meta":{"_links_to":"","_links_to_target":""},"categories":[3,1,10],"tags":[],"views":1734,"_links":{"self":[{"href":"https:\/\/www.brazilianpress.com\/v1\/wp-json\/wp\/v2\/posts\/45241"}],"collection":[{"href":"https:\/\/www.brazilianpress.com\/v1\/wp-json\/wp\/v2\/posts"}],"about":[{"href":"https:\/\/www.brazilianpress.com\/v1\/wp-json\/wp\/v2\/types\/post"}],"author":[{"embeddable":true,"href":"https:\/\/www.brazilianpress.com\/v1\/wp-json\/wp\/v2\/users\/1"}],"replies":[{"embeddable":true,"href":"https:\/\/www.brazilianpress.com\/v1\/wp-json\/wp\/v2\/comments?post=45241"}],"version-history":[{"count":1,"href":"https:\/\/www.brazilianpress.com\/v1\/wp-json\/wp\/v2\/posts\/45241\/revisions"}],"predecessor-version":[{"id":45243,"href":"https:\/\/www.brazilianpress.com\/v1\/wp-json\/wp\/v2\/posts\/45241\/revisions\/45243"}],"wp:featuredmedia":[{"embeddable":true,"href":"https:\/\/www.brazilianpress.com\/v1\/wp-json\/wp\/v2\/media\/45242"}],"wp:attachment":[{"href":"https:\/\/www.brazilianpress.com\/v1\/wp-json\/wp\/v2\/media?parent=45241"}],"wp:term":[{"taxonomy":"category","embeddable":true,"href":"https:\/\/www.brazilianpress.com\/v1\/wp-json\/wp\/v2\/categories?post=45241"},{"taxonomy":"post_tag","embeddable":true,"href":"https:\/\/www.brazilianpress.com\/v1\/wp-json\/wp\/v2\/tags?post=45241"}],"curies":[{"name":"wp","href":"https:\/\/api.w.org\/{rel}","templated":true}]}}