{"id":45260,"date":"2020-08-25T13:51:33","date_gmt":"2020-08-25T17:51:33","guid":{"rendered":"https:\/\/www.brazilianpress.com\/v1\/?p=45260"},"modified":"2020-08-25T13:51:33","modified_gmt":"2020-08-25T17:51:33","slug":"alerta-tempestade-laura-se-transforma-em-furacao-e-segue-para-os-eua","status":"publish","type":"post","link":"https:\/\/www.brazilianpress.com\/v1\/2020\/08\/25\/alerta-tempestade-laura-se-transforma-em-furacao-e-segue-para-os-eua\/","title":{"rendered":"Alerta: Tempestade Laura se transforma em furac\u00e3o e segue para os EUA"},"content":{"rendered":"<p><strong>A tempestade Laura, ap\u00f3s passar por Cuba, ganhou for\u00e7as e se transformou em furac\u00e3o nesta ter\u00e7a-feira (25), no Golfo do M\u00e9xico, com ventos de 120 km\/h que amea\u00e7am a costa dos EUA, conforme anunciou o NHC (National Hurricane Center \u2018Centro Nacional de Furac\u00f5es\u2019)<\/strong><\/p>\n<p>A previs\u00e3o \u00e9 que Laura se \u201cfortacela\u201d de forma significativa antes de chegar \u00e0 costa do sudoeste de Louisiana e de parte do Texas, passagem que deve ocorrer nesta quarta-feira (26), segundo publicado no portal G1.<\/p>\n<p>Laura tocou a terra na noite desta segunda-feira (24) na regi\u00e3o de Punta La Capitana, em San Cristobal. Antes a ent\u00e3o tempestade passou pelo mar do Caribe por toda a costa de Cuba. Horas depois de tocado na terra, a tempestade voltou para o mar por Puerto Esperanza e comeou a se deslocar pelo Golfo do M\u00e9xico, onde ganhou for\u00e7a e se tornou furac\u00e3o. Antes de passar por Cuba, Laura provocou a morte de pelo menos 24 pessoas no Haiti e na Rep\u00fablica Dominicana. Segundo o portal, a temporada de furac\u00f5es no Atl\u00e2ntico vai at\u00e9 novembro e pode ser severa em 2020.<\/p>\n<blockquote class=\"twitter-tweet\" data-width=\"550\" data-dnt=\"true\">\n<p lang=\"pt\" dir=\"ltr\">MUNDO | Tempestade Laura, que ruma para os Estados Unidos, traz inunda\u00e7\u00f5es e deixa v\u00edtimas no Haiti e Rep\u00fablica Dominicana.  <a href=\"https:\/\/t.co\/yjEXL2qlmx\">pic.twitter.com\/yjEXL2qlmx<\/a><\/p>\n<p>&mdash; MetSul.com (@metsul) <a href=\"https:\/\/twitter.com\/metsul\/status\/1297885313734447104?ref_src=twsrc%5Etfw\">August 24, 2020<\/a><\/p><\/blockquote>\n<p><script async src=\"https:\/\/platform.twitter.com\/widgets.js\" charset=\"utf-8\"><\/script><\/p>\n","protected":false},"excerpt":{"rendered":"<p>A tempestade Laura, ap\u00f3s passar por Cuba, ganhou for\u00e7as e se transformou em furac\u00e3o nesta ter\u00e7a-feira (25), no Golfo do M\u00e9xico, com ventos de 120 km\/h que amea\u00e7am a costa dos EUA, conforme anunciou o NHC (National Hurricane Center \u2018Centro Nacional de Furac\u00f5es\u2019) A previs\u00e3o \u00e9 que Laura se \u201cfortacela\u201d de forma significativa antes de chegar \u00e0 costa do sudoeste de Louisiana e de parte do Texas, passagem que deve ocorrer nesta quarta-feira (26), segundo publicado no portal G1. Laura tocou a terra na noite desta segunda-feira (24) na regi\u00e3o de Punta La Capitana, em San Cristobal. Antes a ent\u00e3o [&hellip;]<\/p>\n","protected":false},"author":1,"featured_media":45261,"comment_status":"open","ping_status":"open","sticky":false,"template":"","format":"standard","meta":{"_links_to":"","_links_to_target":""},"categories":[3,1,10],"tags":[],"views":1785,"_links":{"self":[{"href":"https:\/\/www.brazilianpress.com\/v1\/wp-json\/wp\/v2\/posts\/45260"}],"collection":[{"href":"https:\/\/www.brazilianpress.com\/v1\/wp-json\/wp\/v2\/posts"}],"about":[{"href":"https:\/\/www.brazilianpress.com\/v1\/wp-json\/wp\/v2\/types\/post"}],"author":[{"embeddable":true,"href":"https:\/\/www.brazilianpress.com\/v1\/wp-json\/wp\/v2\/users\/1"}],"replies":[{"embeddable":true,"href":"https:\/\/www.brazilianpress.com\/v1\/wp-json\/wp\/v2\/comments?post=45260"}],"version-history":[{"count":1,"href":"https:\/\/www.brazilianpress.com\/v1\/wp-json\/wp\/v2\/posts\/45260\/revisions"}],"predecessor-version":[{"id":45262,"href":"https:\/\/www.brazilianpress.com\/v1\/wp-json\/wp\/v2\/posts\/45260\/revisions\/45262"}],"wp:featuredmedia":[{"embeddable":true,"href":"https:\/\/www.brazilianpress.com\/v1\/wp-json\/wp\/v2\/media\/45261"}],"wp:attachment":[{"href":"https:\/\/www.brazilianpress.com\/v1\/wp-json\/wp\/v2\/media?parent=45260"}],"wp:term":[{"taxonomy":"category","embeddable":true,"href":"https:\/\/www.brazilianpress.com\/v1\/wp-json\/wp\/v2\/categories?post=45260"},{"taxonomy":"post_tag","embeddable":true,"href":"https:\/\/www.brazilianpress.com\/v1\/wp-json\/wp\/v2\/tags?post=45260"}],"curies":[{"name":"wp","href":"https:\/\/api.w.org\/{rel}","templated":true}]}}