{"id":45272,"date":"2020-08-26T10:17:37","date_gmt":"2020-08-26T14:17:37","guid":{"rendered":"https:\/\/www.brazilianpress.com\/v1\/?p=45272"},"modified":"2020-08-26T10:17:37","modified_gmt":"2020-08-26T14:17:37","slug":"bill-gates-previu-pandemia-e-acredita-que-a-crise-estara-controlada-no-fim-de-2022","status":"publish","type":"post","link":"https:\/\/www.brazilianpress.com\/v1\/2020\/08\/26\/bill-gates-previu-pandemia-e-acredita-que-a-crise-estara-controlada-no-fim-de-2022\/","title":{"rendered":"Bill Gates previu pandemia e acredita que a crise estar\u00e1 controlada no fim de 2022"},"content":{"rendered":"<p><strong>O bilion\u00e1rio Bill Gates cada vez mais tem se revelado um homem de vis\u00e3o, e n\u00e3o somente no que se refere aos neg\u00f3cios. O segundo homem mais rico do mundo talvez seja uma das \u00fanicas pessoas a n\u00e3o se surpreender com o r\u00e1pido avan\u00e7o do novo coronav\u00edrus pelo globo. Isso porque ele passou anos tentando alertar o mundo para a chegada de uma pandemia mundial. Agora o co-fundador da Microsoft est\u00e1 convicto de que o mundo s\u00f3 se livrar\u00e1 completamente da pandemia no final de 2021.<\/strong><\/p>\n<p>Entrevistado pela revista Wired, o bilion\u00e1rio diz acreditar que os pa\u00edses ricos estar\u00e3o livres da doen\u00e7a at\u00e9 o fim de 2021. O resto do mundo, no entanto, provavelmente ter\u00e1 que esperar mais um ano para isso, segundo Gates.<\/p>\n<p>\u201cVoc\u00ea tem que admitir que h\u00e1 trilh\u00f5es de d\u00f3lares de danos econ\u00f4micos e muitas d\u00edvidas, mas o processo de inova\u00e7\u00e3o para aumentar a escala de diagn\u00f3stico\u00a0em terap\u00eauticos, em vacinas \u00e9 realmente impressionante\u201d, disse o bilion\u00e1rio.<\/p>\n<p>Gates prev\u00ea ainda que se perder\u00e3o muitos anos nos tratamentos \u00e0 mal\u00e1ria, poliomielite e HIV, al\u00e9m do endividamento e instabilidade em pa\u00edses de tamanhos diversos. Segundo o executivo, \u201clevar\u00e1 anos para voltar a onde voc\u00ea estava no in\u00edcio de 2020\u201d, pois a crise causar\u00e1 danos negativos em uma magnitude semelhante a Primeira e Segunda Guerra mundiais \u2014 embora menores.<\/p>\n<p>O bilion\u00e1rio tamb\u00e9m revelou quais medica\u00e7\u00f5es utilizaria se contra\u00edsse Covid-19. Ele citou o antiviral Remdesivir, primeiro medicamento aprovado por autoridades americanas para tratamento da covid-19, cujo estoque dos pr\u00f3ximos meses foi comprado pelos Estados Unidos. Apesar de escolh\u00ea-la, Gates colocou um por\u00e9m: \u201cinfelizmente os testes nos EUA foram t\u00e3o ca\u00f3ticos que o efeito provado \u00e9 pequeno\u201d. Outro medicamento citado foi o corticoide dexametasona, \u00fatil para casos avan\u00e7ados da doen\u00e7a.<\/p>\n","protected":false},"excerpt":{"rendered":"<p>O bilion\u00e1rio Bill Gates cada vez mais tem se revelado um homem de vis\u00e3o, e n\u00e3o somente no que se refere aos neg\u00f3cios. O segundo homem mais rico do mundo talvez seja uma das \u00fanicas pessoas a n\u00e3o se surpreender com o r\u00e1pido avan\u00e7o do novo coronav\u00edrus pelo globo. Isso porque ele passou anos tentando alertar o mundo para a chegada de uma pandemia mundial. Agora o co-fundador da Microsoft est\u00e1 convicto de que o mundo s\u00f3 se livrar\u00e1 completamente da pandemia no final de 2021. Entrevistado pela revista Wired, o bilion\u00e1rio diz acreditar que os pa\u00edses ricos estar\u00e3o livres [&hellip;]<\/p>\n","protected":false},"author":1,"featured_media":45273,"comment_status":"open","ping_status":"open","sticky":false,"template":"","format":"standard","meta":{"_links_to":"","_links_to_target":""},"categories":[4,3,1],"tags":[],"views":1717,"_links":{"self":[{"href":"https:\/\/www.brazilianpress.com\/v1\/wp-json\/wp\/v2\/posts\/45272"}],"collection":[{"href":"https:\/\/www.brazilianpress.com\/v1\/wp-json\/wp\/v2\/posts"}],"about":[{"href":"https:\/\/www.brazilianpress.com\/v1\/wp-json\/wp\/v2\/types\/post"}],"author":[{"embeddable":true,"href":"https:\/\/www.brazilianpress.com\/v1\/wp-json\/wp\/v2\/users\/1"}],"replies":[{"embeddable":true,"href":"https:\/\/www.brazilianpress.com\/v1\/wp-json\/wp\/v2\/comments?post=45272"}],"version-history":[{"count":1,"href":"https:\/\/www.brazilianpress.com\/v1\/wp-json\/wp\/v2\/posts\/45272\/revisions"}],"predecessor-version":[{"id":45274,"href":"https:\/\/www.brazilianpress.com\/v1\/wp-json\/wp\/v2\/posts\/45272\/revisions\/45274"}],"wp:featuredmedia":[{"embeddable":true,"href":"https:\/\/www.brazilianpress.com\/v1\/wp-json\/wp\/v2\/media\/45273"}],"wp:attachment":[{"href":"https:\/\/www.brazilianpress.com\/v1\/wp-json\/wp\/v2\/media?parent=45272"}],"wp:term":[{"taxonomy":"category","embeddable":true,"href":"https:\/\/www.brazilianpress.com\/v1\/wp-json\/wp\/v2\/categories?post=45272"},{"taxonomy":"post_tag","embeddable":true,"href":"https:\/\/www.brazilianpress.com\/v1\/wp-json\/wp\/v2\/tags?post=45272"}],"curies":[{"name":"wp","href":"https:\/\/api.w.org\/{rel}","templated":true}]}}