{"id":45275,"date":"2020-08-26T19:09:03","date_gmt":"2020-08-26T23:09:03","guid":{"rendered":"https:\/\/www.brazilianpress.com\/v1\/?p=45275"},"modified":"2020-08-26T19:09:03","modified_gmt":"2020-08-26T23:09:03","slug":"alunos-do-estado-de-illinois-sao-proibidos-de-usar-pijamas-e-chinelos-em-aulas-online","status":"publish","type":"post","link":"https:\/\/www.brazilianpress.com\/v1\/2020\/08\/26\/alunos-do-estado-de-illinois-sao-proibidos-de-usar-pijamas-e-chinelos-em-aulas-online\/","title":{"rendered":"Alunos do estado de Illinois s\u00e3o proibidos de usar pijamas e chinelos em aulas online"},"content":{"rendered":"<p><strong>Uma atualiza\u00e7\u00e3o do manual do aluno e da fam\u00edlia do distrito escolar de Springfield, Illinois, para o seguimento do ano letivo durante a pandemia tem deixado alguns pais bastante indignados. De acordo com as novas regras de ensino remoto, os alunos est\u00e3o proibidos de usar pijama durante as aulas online.<\/strong><\/p>\n<p>\u201cChap\u00e9us, bon\u00e9s, bandanas, capuzes de qualquer tipo, faixas, \u00f3culos escuros, cal\u00e7as de pijama, chinelos ou sapatos com rodinhas n\u00e3o devem ser usados\u201d, afirma o manual.<\/p>\n<p>O distrito, que abriga 33 escolas, retomar\u00e1 as aulas do dia 31 de agosto, pr\u00f3xima segunda-feira, sob um modelo h\u00edbrido com dois dias em aulas presenciais e tr\u00eas dias de ensino \u00e0 dist\u00e2ncia. A regra da vestimenta tem a inten\u00e7\u00e3o de manter um senso de normalidade e rotina, mas n\u00e3o foi bem aceita pelos pais das crian\u00e7as, que expressaram seu descontentamento nas redes sociais.<\/p>\n<p>&#8220;Crian\u00e7as crescem sem roupas. Isso \u00e9 uma pandemia. Muitos pais perderam seus empregos. Vamos deixar isso para os pais&#8221;, desabafou uma das m\u00e3es.<\/p>\n<p>&#8220;Eles vir\u00e3o investigar todos os dias? N\u00e3o se preocupe com o que meus filhos est\u00e3o vestindo na minha casa&#8221;, escreveu um pai zangado.<\/p>\n<p>Em entrevista ao USA Today, a porta-voz do distrito escolar, Bree Henkins, se posicionou \u00e0 respeito da pol\u00eamica em torno do manual de conduta.<\/p>\n<p>&#8220;Nossa esperan\u00e7a \u00e9 que, na medida do poss\u00edvel, os alunos abordem o aprendizado remoto como fariam em um ambiente de sala de aula, dadas as circunst\u00e2ncias individuais de cada aluno. No entanto, entendemos que a interpreta\u00e7\u00e3o do c\u00f3digo de vestimenta em um ambiente de aprendizado remoto ser\u00e1 diferente do que em um ambiente escolar normal &#8220;, disse Hankins.<\/p>\n<p>&#8220;\u00c9 compreens\u00edvel que durante o aprendizado remoto nosso c\u00f3digo de vestimenta seja flex\u00edvel&#8221;, acrescentou ela. &#8220;N\u00e3o temos a inten\u00e7\u00e3o de ser punitivos ou prescrever o que os alunos vestem em casa durante o aprendizado \u00e0 dist\u00e2ncia, especialmente neste per\u00edodo de incerteza e adapta\u00e7\u00e3o para alunos, fam\u00edlias e funcion\u00e1rios. Se houver uma preocupa\u00e7\u00e3o espec\u00edfica no que diz respeito ao c\u00f3digo de vestimenta, iremos abord\u00e1-lo individualmente com o aluno e sua fam\u00edlia.&#8221;<\/p>\n","protected":false},"excerpt":{"rendered":"<p>Uma atualiza\u00e7\u00e3o do manual do aluno e da fam\u00edlia do distrito escolar de Springfield, Illinois, para o seguimento do ano letivo durante a pandemia tem deixado alguns pais bastante indignados. De acordo com as novas regras de ensino remoto, os alunos est\u00e3o proibidos de usar pijama durante as aulas online. \u201cChap\u00e9us, bon\u00e9s, bandanas, capuzes de qualquer tipo, faixas, \u00f3culos escuros, cal\u00e7as de pijama, chinelos ou sapatos com rodinhas n\u00e3o devem ser usados\u201d, afirma o manual. O distrito, que abriga 33 escolas, retomar\u00e1 as aulas do dia 31 de agosto, pr\u00f3xima segunda-feira, sob um modelo h\u00edbrido com dois dias em aulas [&hellip;]<\/p>\n","protected":false},"author":1,"featured_media":45276,"comment_status":"open","ping_status":"open","sticky":false,"template":"","format":"standard","meta":{"_links_to":"","_links_to_target":""},"categories":[1,10],"tags":[],"views":1160,"_links":{"self":[{"href":"https:\/\/www.brazilianpress.com\/v1\/wp-json\/wp\/v2\/posts\/45275"}],"collection":[{"href":"https:\/\/www.brazilianpress.com\/v1\/wp-json\/wp\/v2\/posts"}],"about":[{"href":"https:\/\/www.brazilianpress.com\/v1\/wp-json\/wp\/v2\/types\/post"}],"author":[{"embeddable":true,"href":"https:\/\/www.brazilianpress.com\/v1\/wp-json\/wp\/v2\/users\/1"}],"replies":[{"embeddable":true,"href":"https:\/\/www.brazilianpress.com\/v1\/wp-json\/wp\/v2\/comments?post=45275"}],"version-history":[{"count":1,"href":"https:\/\/www.brazilianpress.com\/v1\/wp-json\/wp\/v2\/posts\/45275\/revisions"}],"predecessor-version":[{"id":45277,"href":"https:\/\/www.brazilianpress.com\/v1\/wp-json\/wp\/v2\/posts\/45275\/revisions\/45277"}],"wp:featuredmedia":[{"embeddable":true,"href":"https:\/\/www.brazilianpress.com\/v1\/wp-json\/wp\/v2\/media\/45276"}],"wp:attachment":[{"href":"https:\/\/www.brazilianpress.com\/v1\/wp-json\/wp\/v2\/media?parent=45275"}],"wp:term":[{"taxonomy":"category","embeddable":true,"href":"https:\/\/www.brazilianpress.com\/v1\/wp-json\/wp\/v2\/categories?post=45275"},{"taxonomy":"post_tag","embeddable":true,"href":"https:\/\/www.brazilianpress.com\/v1\/wp-json\/wp\/v2\/tags?post=45275"}],"curies":[{"name":"wp","href":"https:\/\/api.w.org\/{rel}","templated":true}]}}