{"id":45284,"date":"2020-08-26T19:19:12","date_gmt":"2020-08-26T23:19:12","guid":{"rendered":"https:\/\/www.brazilianpress.com\/v1\/?p=45284"},"modified":"2020-08-26T19:19:12","modified_gmt":"2020-08-26T23:19:12","slug":"elon-musk-deve-apresentar-chip-que-conecta-cerebro-e-smartphone-nesta-sexta-feira","status":"publish","type":"post","link":"https:\/\/www.brazilianpress.com\/v1\/2020\/08\/26\/elon-musk-deve-apresentar-chip-que-conecta-cerebro-e-smartphone-nesta-sexta-feira\/","title":{"rendered":"Elon Musk deve apresentar chip que conecta c\u00e9rebro e smartphone nesta sexta-feira"},"content":{"rendered":"<p><strong>Elon Musk j\u00e1 falou v\u00e1rias vezes sobre o uso de dispositivos de IA implantados no corpo humano, que seriam usados para ajudar pessoas em casos espec\u00edficos, como na recupera\u00e7\u00e3o de les\u00f5es f\u00edsicas e motoras. Por isso, uma de suas empreitadas se tornou o desenvolvimento do tal chip. A ideia \u00e9 simples: um dispositivo que permite \u00e0s pessoas controlar smartphones ou computadores com a mente.<\/strong><\/p>\n<p>Embora a Neuralink ainda n\u00e3o tenha anunciado por onde ser\u00e1 feita a transmiss\u00e3o do evento (provavelmente pelo\u00a0canal da empresa no\u00a0YouTube), Musk chegou a dizer que a live trar\u00e1 uma \u201catualiza\u00e7\u00e3o do progresso\u201d do projeto. Em seguida, o empres\u00e1rio deu mais detalhes sobre o que ser\u00e1 mostrado, dizendo que atualiza\u00e7\u00e3o incluir\u00e1 a apresenta\u00e7\u00e3o de um rob\u00f4 projetado para conectar a tecnologia da empresa ao c\u00e9rebro, e uma demonstra\u00e7\u00e3o de neur\u00f4nios\u00a0\u201cdisparando em tempo real\u201d, embora n\u00e3o esteja claro exatamente como tudo isso vai ser.<\/p>\n<p>O projeto Neuralink \u00e9 ambicioso, mas nem toda a comunidade cient\u00edfica est\u00e1 convencida de que ele \u00e9 bom. De acordo com a psic\u00f3loga cognitiva\u00a0Susan Schneider, em um\u00a0editorial para o\u00a0Financial Times,\u00a0o projeto pode significar um\u00a0\u201csuic\u00eddio para a mente humana\u201d. Muitos cientistas\u00a0tamb\u00e9m alertaram\u00a0sobre a efic\u00e1cia desses dispositivos ainda estar longe de ser comprovada.<\/p>\n","protected":false},"excerpt":{"rendered":"<p>Elon Musk j\u00e1 falou v\u00e1rias vezes sobre o uso de dispositivos de IA implantados no corpo humano, que seriam usados para ajudar pessoas em casos espec\u00edficos, como na recupera\u00e7\u00e3o de les\u00f5es f\u00edsicas e motoras. Por isso, uma de suas empreitadas se tornou o desenvolvimento do tal chip. A ideia \u00e9 simples: um dispositivo que permite \u00e0s pessoas controlar smartphones ou computadores com a mente. Embora a Neuralink ainda n\u00e3o tenha anunciado por onde ser\u00e1 feita a transmiss\u00e3o do evento (provavelmente pelo\u00a0canal da empresa no\u00a0YouTube), Musk chegou a dizer que a live trar\u00e1 uma \u201catualiza\u00e7\u00e3o do progresso\u201d do projeto. Em seguida, [&hellip;]<\/p>\n","protected":false},"author":1,"featured_media":45285,"comment_status":"open","ping_status":"open","sticky":false,"template":"","format":"standard","meta":{"_links_to":"","_links_to_target":""},"categories":[4,3,1],"tags":[],"views":1228,"_links":{"self":[{"href":"https:\/\/www.brazilianpress.com\/v1\/wp-json\/wp\/v2\/posts\/45284"}],"collection":[{"href":"https:\/\/www.brazilianpress.com\/v1\/wp-json\/wp\/v2\/posts"}],"about":[{"href":"https:\/\/www.brazilianpress.com\/v1\/wp-json\/wp\/v2\/types\/post"}],"author":[{"embeddable":true,"href":"https:\/\/www.brazilianpress.com\/v1\/wp-json\/wp\/v2\/users\/1"}],"replies":[{"embeddable":true,"href":"https:\/\/www.brazilianpress.com\/v1\/wp-json\/wp\/v2\/comments?post=45284"}],"version-history":[{"count":1,"href":"https:\/\/www.brazilianpress.com\/v1\/wp-json\/wp\/v2\/posts\/45284\/revisions"}],"predecessor-version":[{"id":45286,"href":"https:\/\/www.brazilianpress.com\/v1\/wp-json\/wp\/v2\/posts\/45284\/revisions\/45286"}],"wp:featuredmedia":[{"embeddable":true,"href":"https:\/\/www.brazilianpress.com\/v1\/wp-json\/wp\/v2\/media\/45285"}],"wp:attachment":[{"href":"https:\/\/www.brazilianpress.com\/v1\/wp-json\/wp\/v2\/media?parent=45284"}],"wp:term":[{"taxonomy":"category","embeddable":true,"href":"https:\/\/www.brazilianpress.com\/v1\/wp-json\/wp\/v2\/categories?post=45284"},{"taxonomy":"post_tag","embeddable":true,"href":"https:\/\/www.brazilianpress.com\/v1\/wp-json\/wp\/v2\/tags?post=45284"}],"curies":[{"name":"wp","href":"https:\/\/api.w.org\/{rel}","templated":true}]}}