{"id":45287,"date":"2020-08-27T13:53:31","date_gmt":"2020-08-27T17:53:31","guid":{"rendered":"https:\/\/www.brazilianpress.com\/v1\/?p=45287"},"modified":"2020-08-27T13:53:31","modified_gmt":"2020-08-27T17:53:31","slug":"eua-atirador-de-17-anos-e-preso-suspeito-de-matar-manifestantes-em-wisconsin","status":"publish","type":"post","link":"https:\/\/www.brazilianpress.com\/v1\/2020\/08\/27\/eua-atirador-de-17-anos-e-preso-suspeito-de-matar-manifestantes-em-wisconsin\/","title":{"rendered":"EUA: Atirador de 17 anos \u00e9 preso suspeito de matar manifestantes em Wisconsin"},"content":{"rendered":"<p><strong>Um atirador de 17 anos, identificado como Kyle Rittenhouse, foi preso nesta quarta-feira, 26, acusado de homic\u00eddio ap\u00f3s ter participado do tiroteio que matou duas pessoas e feriu uma terceira durante os protestos contra viol\u00eancia policial em Kenosha, Wisconsin, nos Estados Unidos.<\/strong><\/p>\n<p>V\u00eddeos divulgados nas redes sociais mostram o adolescente portando uma arma de cano longo, que parece um fuzil, andando na regi\u00e3o dos protestos. Ele tem intera\u00e7\u00f5es com a pol\u00edcia, que pede para ele deixar o local, mas em nenhum momento os agentes tentam cont\u00ea-lo.<\/p>\n<blockquote class=\"twitter-tweet\" data-width=\"550\" data-dnt=\"true\">\n<p lang=\"en\" dir=\"ltr\">EXCLUSIVE VIDEO: Last night we saw the 17-year-old <a href=\"https:\/\/twitter.com\/hashtag\/Kenosha?src=hash&amp;ref_src=twsrc%5Etfw\">#Kenosha<\/a> protest shooter walk past our camera and up to police.<\/p>\n<p>Watch the interaction here between the man and officers as he is turned around. <\/p>\n<p>This is minutes before the shooting last night. <a href=\"https:\/\/twitter.com\/hashtag\/JacobBlake?src=hash&amp;ref_src=twsrc%5Etfw\">#JacobBlake<\/a> <a href=\"https:\/\/twitter.com\/hashtag\/JacobBlakeShooting?src=hash&amp;ref_src=twsrc%5Etfw\">#JacobBlakeShooting<\/a> <a href=\"https:\/\/t.co\/toTtw7kA3T\">pic.twitter.com\/toTtw7kA3T<\/a><\/p>\n<p>&mdash; Tony Atkins (@TonyAtkinsTV) <a href=\"https:\/\/twitter.com\/TonyAtkinsTV\/status\/1298686965508972544?ref_src=twsrc%5Etfw\">August 26, 2020<\/a><\/p><\/blockquote>\n<p><script async src=\"https:\/\/platform.twitter.com\/widgets.js\" charset=\"utf-8\"><\/script><\/p>\n<p><img src=\"https:\/\/img.r7.com\/images\/um-manifestante-e-atingido-por-tiros-durante-protestos-em-kenosha-26082020173218756?dimensions=660x360&amp;&amp;amp;&amp;amp;&amp;amp;&amp;amp;resize=660x360&amp;amp;crop=901x491+0+63\" alt=\"Atirador \u00e9 preso ap\u00f3s matar dois manifestantes em Kenosha - Not\u00edcias - R7  Internacional\" \/><\/p>\n<p>H\u00e1 outras imagens circulando nas redes sociais, que mostram o momento exato em que uma das v\u00edtimas \u00e9 atingida pelo atirador, que, segundo a imprensa internacional, estava com um grupo de supremacistas brancos. Os homens diziam que estavam fazendo a \u201cseguran\u00e7a das propriedades privadas\u201d. Durante os protestos tamb\u00e9m foram registrados confrontos entre a pol\u00edcia e os manifestantes, que lan\u00e7aram fogos de artif\u00edcio contra as for\u00e7as de seguran\u00e7a, que responderam com balas de borracha.<\/p>\n<p><img src=\"https:\/\/media.breitbart.com\/media\/2020\/08\/Kyle-Rittenhouse-Getty.jpg\" alt=\"Kenosha: Illinois Teenager Kyle Rittenhouse Charged with Murder for Fatal  Shooting\" \/><\/p>\n<p>A cidade litor\u00e2nea de Kenosha tem sido abalada pelos protestos desde domingo, quando a pol\u00edcia atirou em Jacob Blake, 29 anos, pelas costas, \u00e0 queima-roupa, mesmo n\u00e3o estando armado. A opera\u00e7\u00e3o, capturada em v\u00eddeos, reacendeu os protestos sobre o racismo e o uso da for\u00e7a pela pol\u00edcia nos Estados Unidos. Nas redes sociais, h\u00e1 diversas publica\u00e7\u00f5es comparando a a\u00e7\u00e3o da pol\u00edcia com Black e com o atirador de 17 anos. O presidente republicano Donald Trump disse na quarta-feira ter falado com o governador democrata de Wisconsin, Tony Evers, que concordou em aceitar o apoio das for\u00e7as policiais dos Estados Unidos.<\/p>\n<p><img src=\"https:\/\/exame.com\/wp-content\/uploads\/2020\/08\/Captura-de-Tela-2020-08-26-a%CC%80s-16.55.56.jpg\" alt=\"V\u00eddeo mostra homem armado atirando durante protesto em Kenosha, nos EUA\" \/><\/p>\n<p>[ATEN\u00c7\u00c3O AS IMAGENS A SEGUIR S\u00c3O FORTES]<\/p>\n<blockquote class=\"twitter-tweet\" data-width=\"550\" data-dnt=\"true\">\n<p lang=\"en\" dir=\"ltr\">Don&#39;t you dare tell me there isn&#39;t racism in US law enforcement.<\/p>\n<p>Unarmed Jacob Blake, shot 7 times in the back for walking to his kids in his car<\/p>\n<p>17 year old, Kyle Rittenhouse holding AR-15 style gun after murdering protestors and the police look on<a href=\"https:\/\/t.co\/JlwjRh1oOj\">pic.twitter.com\/JlwjRh1oOj<\/a><\/p>\n<p>&mdash; Mrs. Krassenstein (@HKrassenstein) <a href=\"https:\/\/twitter.com\/HKrassenstein\/status\/1298693936983285760?ref_src=twsrc%5Etfw\">August 26, 2020<\/a><\/p><\/blockquote>\n<p><script async src=\"https:\/\/platform.twitter.com\/widgets.js\" charset=\"utf-8\"><\/script><\/p>\n","protected":false},"excerpt":{"rendered":"<p>Um atirador de 17 anos, identificado como Kyle Rittenhouse, foi preso nesta quarta-feira, 26, acusado de homic\u00eddio ap\u00f3s ter participado do tiroteio que matou duas pessoas e feriu uma terceira durante os protestos contra viol\u00eancia policial em Kenosha, Wisconsin, nos Estados Unidos. V\u00eddeos divulgados nas redes sociais mostram o adolescente portando uma arma de cano longo, que parece um fuzil, andando na regi\u00e3o dos protestos. Ele tem intera\u00e7\u00f5es com a pol\u00edcia, que pede para ele deixar o local, mas em nenhum momento os agentes tentam cont\u00ea-lo. EXCLUSIVE VIDEO: Last night we saw the 17-year-old #Kenosha protest shooter walk past our [&hellip;]<\/p>\n","protected":false},"author":1,"featured_media":45288,"comment_status":"open","ping_status":"open","sticky":false,"template":"","format":"standard","meta":{"_links_to":"","_links_to_target":""},"categories":[4,3,1],"tags":[],"views":3160,"_links":{"self":[{"href":"https:\/\/www.brazilianpress.com\/v1\/wp-json\/wp\/v2\/posts\/45287"}],"collection":[{"href":"https:\/\/www.brazilianpress.com\/v1\/wp-json\/wp\/v2\/posts"}],"about":[{"href":"https:\/\/www.brazilianpress.com\/v1\/wp-json\/wp\/v2\/types\/post"}],"author":[{"embeddable":true,"href":"https:\/\/www.brazilianpress.com\/v1\/wp-json\/wp\/v2\/users\/1"}],"replies":[{"embeddable":true,"href":"https:\/\/www.brazilianpress.com\/v1\/wp-json\/wp\/v2\/comments?post=45287"}],"version-history":[{"count":1,"href":"https:\/\/www.brazilianpress.com\/v1\/wp-json\/wp\/v2\/posts\/45287\/revisions"}],"predecessor-version":[{"id":45289,"href":"https:\/\/www.brazilianpress.com\/v1\/wp-json\/wp\/v2\/posts\/45287\/revisions\/45289"}],"wp:featuredmedia":[{"embeddable":true,"href":"https:\/\/www.brazilianpress.com\/v1\/wp-json\/wp\/v2\/media\/45288"}],"wp:attachment":[{"href":"https:\/\/www.brazilianpress.com\/v1\/wp-json\/wp\/v2\/media?parent=45287"}],"wp:term":[{"taxonomy":"category","embeddable":true,"href":"https:\/\/www.brazilianpress.com\/v1\/wp-json\/wp\/v2\/categories?post=45287"},{"taxonomy":"post_tag","embeddable":true,"href":"https:\/\/www.brazilianpress.com\/v1\/wp-json\/wp\/v2\/tags?post=45287"}],"curies":[{"name":"wp","href":"https:\/\/api.w.org\/{rel}","templated":true}]}}