{"id":45300,"date":"2020-08-28T04:56:55","date_gmt":"2020-08-28T08:56:55","guid":{"rendered":"https:\/\/www.brazilianpress.com\/v1\/?p=45300"},"modified":"2020-08-28T04:56:55","modified_gmt":"2020-08-28T08:56:55","slug":"social-press-28-8-2020","status":"publish","type":"post","link":"https:\/\/www.brazilianpress.com\/v1\/2020\/08\/28\/social-press-28-8-2020\/","title":{"rendered":"Social Press . 28\/8\/2020"},"content":{"rendered":"<p><strong><em>Nossa Amiga e aniversariante Marilda Goulard (Love Shop) de F\u00e9rias no Brasil cutindo a familia. Happy birthday!<\/em><\/strong><\/p>\n<p><strong><em><img loading=\"lazy\" class=\"alignnone size-full wp-image-45294\" src=\"https:\/\/www.brazilianpress.com\/v1\/wp-content\/uploads\/2020\/08\/social-press-ed2007-20200828-2.jpg\" alt=\"\" width=\"700\" height=\"430\" srcset=\"https:\/\/www.brazilianpress.com\/v1\/wp-content\/uploads\/2020\/08\/social-press-ed2007-20200828-2.jpg 700w, https:\/\/www.brazilianpress.com\/v1\/wp-content\/uploads\/2020\/08\/social-press-ed2007-20200828-2-300x184.jpg 300w\" sizes=\"(max-width: 700px) 100vw, 700px\" \/><br \/>\nGente boa e aniversariante Rodolfo ( Pick Nick) e esposa Jessica foram surpreendidos com uma bela recep\u00e7\u00e3o no Delicias de Minas. Parab\u00e9ns!<\/em><\/strong><\/p>\n<p><strong><em><img loading=\"lazy\" class=\"alignnone size-full wp-image-45295\" src=\"https:\/\/www.brazilianpress.com\/v1\/wp-content\/uploads\/2020\/08\/social-press-ed2007-20200828-3.jpg\" alt=\"\" width=\"700\" height=\"435\" srcset=\"https:\/\/www.brazilianpress.com\/v1\/wp-content\/uploads\/2020\/08\/social-press-ed2007-20200828-3.jpg 700w, https:\/\/www.brazilianpress.com\/v1\/wp-content\/uploads\/2020\/08\/social-press-ed2007-20200828-3-300x186.jpg 300w\" sizes=\"(max-width: 700px) 100vw, 700px\" \/><br \/>\nA fam\u00edlia costa est\u00e1 \u00a0em festa com o niver de Kawan costa que completou 16 anos, felicidades!<\/em><\/strong><\/p>\n<p><strong><em><img loading=\"lazy\" class=\"alignnone size-full wp-image-45296\" src=\"https:\/\/www.brazilianpress.com\/v1\/wp-content\/uploads\/2020\/08\/social-press-ed2007-20200828-4.jpg\" alt=\"\" width=\"700\" height=\"438\" srcset=\"https:\/\/www.brazilianpress.com\/v1\/wp-content\/uploads\/2020\/08\/social-press-ed2007-20200828-4.jpg 700w, https:\/\/www.brazilianpress.com\/v1\/wp-content\/uploads\/2020\/08\/social-press-ed2007-20200828-4-300x188.jpg 300w\" sizes=\"(max-width: 700px) 100vw, 700px\" \/><br \/>\nAs aniversariantes Emilia e Zuleica comemorando o niver com muita anima\u00e7\u00e3o entre amigos. Nossos votos de muitas felicidades!<\/em><\/strong><\/p>\n<p><strong><em><img loading=\"lazy\" class=\"alignnone size-full wp-image-45297\" src=\"https:\/\/www.brazilianpress.com\/v1\/wp-content\/uploads\/2020\/08\/social-press-ed2007-20200828-5.jpg\" alt=\"\" width=\"428\" height=\"450\" srcset=\"https:\/\/www.brazilianpress.com\/v1\/wp-content\/uploads\/2020\/08\/social-press-ed2007-20200828-5.jpg 428w, https:\/\/www.brazilianpress.com\/v1\/wp-content\/uploads\/2020\/08\/social-press-ed2007-20200828-5-285x300.jpg 285w\" sizes=\"(max-width: 428px) 100vw, 428px\" \/><br \/>\nCamilla e Denis Matos com sua fam\u00edlia linda Turistando antes desta pandemia porque a vida n\u00e3o \u00e9 s\u00f3 trabalhar e pagar bills. Cada momento em fam\u00edlia \u00e9 aben\u00e7oado seja aonde for.<\/em><\/strong><\/p>\n<p><strong><em><img loading=\"lazy\" class=\"alignnone size-full wp-image-45298\" src=\"https:\/\/www.brazilianpress.com\/v1\/wp-content\/uploads\/2020\/08\/social-press-ed2007-20200828-6.jpg\" alt=\"\" width=\"359\" height=\"450\" srcset=\"https:\/\/www.brazilianpress.com\/v1\/wp-content\/uploads\/2020\/08\/social-press-ed2007-20200828-6.jpg 359w, https:\/\/www.brazilianpress.com\/v1\/wp-content\/uploads\/2020\/08\/social-press-ed2007-20200828-6-239x300.jpg 239w\" sizes=\"(max-width: 359px) 100vw, 359px\" \/><br \/>\nDarlene da Silva mostrando que a vida pode lhe tratar com amor e carinho e claro muito charme. Dica de hoje ame a si mesmo com intensidade.<\/em><\/strong><\/p>\n<p><strong><em><img loading=\"lazy\" class=\"alignnone size-full wp-image-45299\" src=\"https:\/\/www.brazilianpress.com\/v1\/wp-content\/uploads\/2020\/08\/social-press-ed2007-20200828-7.jpg\" alt=\"\" width=\"700\" height=\"439\" srcset=\"https:\/\/www.brazilianpress.com\/v1\/wp-content\/uploads\/2020\/08\/social-press-ed2007-20200828-7.jpg 700w, https:\/\/www.brazilianpress.com\/v1\/wp-content\/uploads\/2020\/08\/social-press-ed2007-20200828-7-300x188.jpg 300w\" sizes=\"(max-width: 700px) 100vw, 700px\" \/><br \/>\nHappy birthday pa a aniversariante Giselle Morais ao lado do marido Christiano comemorando esta data especial!<\/em><\/strong><\/p>\n","protected":false},"excerpt":{"rendered":"<p>Nossa Amiga e aniversariante Marilda Goulard (Love Shop) de F\u00e9rias no Brasil cutindo a familia. Happy birthday! Gente boa e aniversariante Rodolfo ( Pick Nick) e esposa Jessica foram surpreendidos com uma bela recep\u00e7\u00e3o no Delicias de Minas. Parab\u00e9ns! A fam\u00edlia costa est\u00e1 \u00a0em festa com o niver de Kawan costa que completou 16 anos, felicidades! As aniversariantes Emilia e Zuleica comemorando o niver com muita anima\u00e7\u00e3o entre amigos. Nossos votos de muitas felicidades! Camilla e Denis Matos com sua fam\u00edlia linda Turistando antes desta pandemia porque a vida n\u00e3o \u00e9 s\u00f3 trabalhar e pagar bills. Cada momento em fam\u00edlia [&hellip;]<\/p>\n","protected":false},"author":1,"featured_media":45293,"comment_status":"open","ping_status":"open","sticky":false,"template":"","format":"standard","meta":{"_links_to":"","_links_to_target":""},"categories":[3,1,6],"tags":[],"views":4830,"_links":{"self":[{"href":"https:\/\/www.brazilianpress.com\/v1\/wp-json\/wp\/v2\/posts\/45300"}],"collection":[{"href":"https:\/\/www.brazilianpress.com\/v1\/wp-json\/wp\/v2\/posts"}],"about":[{"href":"https:\/\/www.brazilianpress.com\/v1\/wp-json\/wp\/v2\/types\/post"}],"author":[{"embeddable":true,"href":"https:\/\/www.brazilianpress.com\/v1\/wp-json\/wp\/v2\/users\/1"}],"replies":[{"embeddable":true,"href":"https:\/\/www.brazilianpress.com\/v1\/wp-json\/wp\/v2\/comments?post=45300"}],"version-history":[{"count":1,"href":"https:\/\/www.brazilianpress.com\/v1\/wp-json\/wp\/v2\/posts\/45300\/revisions"}],"predecessor-version":[{"id":45301,"href":"https:\/\/www.brazilianpress.com\/v1\/wp-json\/wp\/v2\/posts\/45300\/revisions\/45301"}],"wp:featuredmedia":[{"embeddable":true,"href":"https:\/\/www.brazilianpress.com\/v1\/wp-json\/wp\/v2\/media\/45293"}],"wp:attachment":[{"href":"https:\/\/www.brazilianpress.com\/v1\/wp-json\/wp\/v2\/media?parent=45300"}],"wp:term":[{"taxonomy":"category","embeddable":true,"href":"https:\/\/www.brazilianpress.com\/v1\/wp-json\/wp\/v2\/categories?post=45300"},{"taxonomy":"post_tag","embeddable":true,"href":"https:\/\/www.brazilianpress.com\/v1\/wp-json\/wp\/v2\/tags?post=45300"}],"curies":[{"name":"wp","href":"https:\/\/api.w.org\/{rel}","templated":true}]}}