{"id":45796,"date":"2020-10-09T08:28:37","date_gmt":"2020-10-09T12:28:37","guid":{"rendered":"https:\/\/www.brazilianpress.com\/v1\/?p=45796"},"modified":"2020-10-09T08:28:37","modified_gmt":"2020-10-09T12:28:37","slug":"social-press-9-10-2020","status":"publish","type":"post","link":"https:\/\/www.brazilianpress.com\/v1\/2020\/10\/09\/social-press-9-10-2020\/","title":{"rendered":"Social Press . 9\/10\/2020"},"content":{"rendered":"<p><em><strong>A pequena Gabriella fez sua primeira comunh\u00e3o e isso encheu o cora\u00e7\u00e3o de alegria da mam\u00e3e coruja Andrea Bail. Filhos s\u00e3o a heran\u00e7a do Senhor.<\/strong><\/em><\/p>\n<p><em><strong><img loading=\"lazy\" class=\"alignnone size-full wp-image-45795\" src=\"https:\/\/www.brazilianpress.com\/v1\/wp-content\/uploads\/2020\/10\/social-press-ed2013-20201009-6.jpg\" alt=\"\" width=\"461\" height=\"450\" srcset=\"https:\/\/www.brazilianpress.com\/v1\/wp-content\/uploads\/2020\/10\/social-press-ed2013-20201009-6.jpg 461w, https:\/\/www.brazilianpress.com\/v1\/wp-content\/uploads\/2020\/10\/social-press-ed2013-20201009-6-300x293.jpg 300w\" sizes=\"(max-width: 461px) 100vw, 461px\" \/><br \/>\nLenita e Tony celebram mais um ano de casamento, 13 anos de amor e muita cumplicidade Parab\u00e9ns ao casal<\/strong><\/em><\/p>\n<p><em><strong><img loading=\"lazy\" class=\"alignnone size-full wp-image-45790\" src=\"https:\/\/www.brazilianpress.com\/v1\/wp-content\/uploads\/2020\/10\/social-press-ed2013-20201009-1.jpg\" alt=\"\" width=\"514\" height=\"450\" srcset=\"https:\/\/www.brazilianpress.com\/v1\/wp-content\/uploads\/2020\/10\/social-press-ed2013-20201009-1.jpg 514w, https:\/\/www.brazilianpress.com\/v1\/wp-content\/uploads\/2020\/10\/social-press-ed2013-20201009-1-300x263.jpg 300w\" sizes=\"(max-width: 514px) 100vw, 514px\" \/><br \/>\nNubya e Leandro um casal que transmite alegria e gratid\u00e3o a Deus por todas as vit\u00f3rias. Que voc\u00eas continuem vivendo a vida em sua plenitude. O amor est\u00e1 no ar.<\/strong><\/em><\/p>\n<p><em><strong><img loading=\"lazy\" class=\"alignnone size-full wp-image-45791\" src=\"https:\/\/www.brazilianpress.com\/v1\/wp-content\/uploads\/2020\/10\/social-press-ed2013-20201009-2.jpg\" alt=\"\" width=\"700\" height=\"438\" srcset=\"https:\/\/www.brazilianpress.com\/v1\/wp-content\/uploads\/2020\/10\/social-press-ed2013-20201009-2.jpg 700w, https:\/\/www.brazilianpress.com\/v1\/wp-content\/uploads\/2020\/10\/social-press-ed2013-20201009-2-300x188.jpg 300w\" sizes=\"(max-width: 700px) 100vw, 700px\" \/><br \/>\nMel Ferraz e Riko acabam de oficializar o noivado, isso \u00e9 motivo de festa e alegria. Que a felicidade vire rotina para esta fam\u00edlia linda!<\/strong><\/em><\/p>\n<p><em><strong><img loading=\"lazy\" class=\"alignnone size-full wp-image-45792\" src=\"https:\/\/www.brazilianpress.com\/v1\/wp-content\/uploads\/2020\/10\/social-press-ed2013-20201009-3.jpg\" alt=\"\" width=\"700\" height=\"446\" srcset=\"https:\/\/www.brazilianpress.com\/v1\/wp-content\/uploads\/2020\/10\/social-press-ed2013-20201009-3.jpg 700w, https:\/\/www.brazilianpress.com\/v1\/wp-content\/uploads\/2020\/10\/social-press-ed2013-20201009-3-300x191.jpg 300w\" sizes=\"(max-width: 700px) 100vw, 700px\" \/><br \/>\nNos dias de hoje \u00e9 preciso muito esfor\u00e7o e dedica\u00e7\u00e3o para formar filhos, a nossa querida M\u00e1rcia Lopes tem motivos de sobra pra se orgulhar do seu filho Renan que \u00e9 State Trooper e da filha Melinna que est\u00e1 estudando para ser dentista. Mais do que querer um mundo melhor para nossos filhos \u00e9 tamb\u00e9m nossa miss\u00e3o deixar filhos bons para o mundo!<\/strong><\/em><\/p>\n<p><em><strong><img loading=\"lazy\" class=\"alignnone size-full wp-image-45793\" src=\"https:\/\/www.brazilianpress.com\/v1\/wp-content\/uploads\/2020\/10\/social-press-ed2013-20201009-4.jpg\" alt=\"\" width=\"700\" height=\"444\" srcset=\"https:\/\/www.brazilianpress.com\/v1\/wp-content\/uploads\/2020\/10\/social-press-ed2013-20201009-4.jpg 700w, https:\/\/www.brazilianpress.com\/v1\/wp-content\/uploads\/2020\/10\/social-press-ed2013-20201009-4-300x190.jpg 300w\" sizes=\"(max-width: 700px) 100vw, 700px\" \/><br \/>\nMais leve, de papo pro ar, (ops., sem papo) de bem com a vida, parab\u00e9ns Tica muitas felicidades, como ela sempre diz: Voc\u00ea que lute rsr.<\/strong><\/em><\/p>\n","protected":false},"excerpt":{"rendered":"<p>A pequena Gabriella fez sua primeira comunh\u00e3o e isso encheu o cora\u00e7\u00e3o de alegria da mam\u00e3e coruja Andrea Bail. Filhos s\u00e3o a heran\u00e7a do Senhor. Lenita e Tony celebram mais um ano de casamento, 13 anos de amor e muita cumplicidade Parab\u00e9ns ao casal Nubya e Leandro um casal que transmite alegria e gratid\u00e3o a Deus por todas as vit\u00f3rias. Que voc\u00eas continuem vivendo a vida em sua plenitude. O amor est\u00e1 no ar. Mel Ferraz e Riko acabam de oficializar o noivado, isso \u00e9 motivo de festa e alegria. Que a felicidade vire rotina para esta fam\u00edlia linda! Nos [&hellip;]<\/p>\n","protected":false},"author":1,"featured_media":45794,"comment_status":"open","ping_status":"open","sticky":false,"template":"","format":"standard","meta":{"_links_to":"","_links_to_target":""},"categories":[3,1,6],"tags":[],"views":5812,"_links":{"self":[{"href":"https:\/\/www.brazilianpress.com\/v1\/wp-json\/wp\/v2\/posts\/45796"}],"collection":[{"href":"https:\/\/www.brazilianpress.com\/v1\/wp-json\/wp\/v2\/posts"}],"about":[{"href":"https:\/\/www.brazilianpress.com\/v1\/wp-json\/wp\/v2\/types\/post"}],"author":[{"embeddable":true,"href":"https:\/\/www.brazilianpress.com\/v1\/wp-json\/wp\/v2\/users\/1"}],"replies":[{"embeddable":true,"href":"https:\/\/www.brazilianpress.com\/v1\/wp-json\/wp\/v2\/comments?post=45796"}],"version-history":[{"count":1,"href":"https:\/\/www.brazilianpress.com\/v1\/wp-json\/wp\/v2\/posts\/45796\/revisions"}],"predecessor-version":[{"id":45797,"href":"https:\/\/www.brazilianpress.com\/v1\/wp-json\/wp\/v2\/posts\/45796\/revisions\/45797"}],"wp:featuredmedia":[{"embeddable":true,"href":"https:\/\/www.brazilianpress.com\/v1\/wp-json\/wp\/v2\/media\/45794"}],"wp:attachment":[{"href":"https:\/\/www.brazilianpress.com\/v1\/wp-json\/wp\/v2\/media?parent=45796"}],"wp:term":[{"taxonomy":"category","embeddable":true,"href":"https:\/\/www.brazilianpress.com\/v1\/wp-json\/wp\/v2\/categories?post=45796"},{"taxonomy":"post_tag","embeddable":true,"href":"https:\/\/www.brazilianpress.com\/v1\/wp-json\/wp\/v2\/tags?post=45796"}],"curies":[{"name":"wp","href":"https:\/\/api.w.org\/{rel}","templated":true}]}}