{"id":45800,"date":"2020-10-09T08:37:13","date_gmt":"2020-10-09T12:37:13","guid":{"rendered":"https:\/\/www.brazilianpress.com\/v1\/?p=45800"},"modified":"2020-10-09T08:37:13","modified_gmt":"2020-10-09T12:37:13","slug":"lea-campos-rumo-a-2022","status":"publish","type":"post","link":"https:\/\/www.brazilianpress.com\/v1\/2020\/10\/09\/lea-campos-rumo-a-2022\/","title":{"rendered":"L\u00e9a Campos: Rumo \u00e0 2022"},"content":{"rendered":"<p><strong>Continuo achando uma falta de respeito, essa babaquice de jogar as eliminat\u00f3rias em dois anos para o mundial de futebol. No formato antigo era bem melhor, em um m\u00eas j\u00e1 sab\u00edamos os\u00a0 classificados.<\/strong><\/p>\n<p>N\u00e3o entendo quem sai ganhando com isso. O torcedor perde at\u00e9 o interesse\u00a0 de jogar e os clubes s\u00e3o sempre prejudicados pela obriga\u00e7\u00e3o de ceder seus melhores jogadores para ditas eliminat\u00f3rias, mencionando o Atl\u00e9tico, por exemplo, que por ceder os jogadores que s\u00e3o de outros pa\u00edses, ter\u00e1 seu time desfalcado em tr\u00eas rodadas e n\u00e3o \u00e9 s\u00f3 o time\u00a0 mineiro, outros times pelo mundo enfrentam o mesmo dilema.<\/p>\n<p>Basta ver a lista de convocados\u00a0 para os dois jogos (Bol\u00edvia e Peru) para ver os clubes que ter\u00e3o seus times desfalcados.<\/p>\n<p>A atual lista dos convocados por Tite para essa fase das eliminat\u00f3rias, tem como grande novidade Gabriel Menino (Palmeiras), que joga como volante e na sele\u00e7\u00e3o de Tite ser\u00e1 lateral direito, al\u00e9m Rodrigo Caio e Everton Ribeiro (Flamengo) que tamb\u00e9m foram chamados.<\/p>\n<p>O primeiro jogo da sele\u00e7\u00e3o canarinho ser\u00e1 contra os bolivianos na Neo Qu\u00edmica Arena, em S\u00e3o Paulo enquanto o jogo contra a sele\u00e7\u00e3o peruana ser\u00e1 jogado em Lima.<\/p>\n<p>O retrospecto aponta uma grande vantagem para o Brasil, mas como jogo \u00e9 jogado e lambari \u00e9 pescado, vamos aguardar o apito final do \u00e1rbitro em ambos jogos para ver quem ser\u00e1 vencedor.<\/p>\n<p><strong>Confira os convocados da sele\u00e7\u00e3o brasileira para as Eliminat\u00f3rias:<\/strong><\/p>\n<p>Goleiros:<br \/>\nAlisson (Liverpool -ING)<br \/>\nSantos (Atl\u00e9tico &#8211; PR)<br \/>\nWeverton (Palmeiras)<br \/>\nLaterais:<br \/>\nAlex Telles (Porto &#8211; POR)<br \/>\nDanilo (Juventus &#8211; ITA)<br \/>\nGabriel Menino (Palmeiras)<br \/>\nRenan Lodi (Atl\u00e9tico de Madri &#8211; ESP)<br \/>\nZagueiros:<br \/>\nThiago Silva (Chelsea)<br \/>\nRodrigo Caio (Flamengo)<br \/>\nFelipe (Atl\u00e9tico de Madri &#8211; ESP)<br \/>\nMarquinhos (Paris Saint-Germain &#8211; FRA)<br \/>\nMeias:<br \/>\nBruno Guimar\u00e3es (Lyon &#8211; FRA)<br \/>\nCasemiro (Real Madrid &#8211; ESP)<br \/>\nDouglas Luiz (Aston Villa &#8211; ING)<br \/>\nFabinho (Liverpool &#8211; ING)<br \/>\nEverton Ribeiro (Flamengo)<br \/>\nPhilippe Coutinho (Barcelona &#8211; ESP)<br \/>\nAtacantes:<br \/>\nNeymar (Paris Saint-Germain &#8211; FRA)<br \/>\nRoberto Firmino (Liverpool &#8211; ING)<br \/>\nGabriel Jesus (Manchester City &#8211; ING)<br \/>\nRicharlison (Everton &#8211; ING)<br \/>\nEverton (Benfica &#8211; POR)<br \/>\nRodrygo (Real Madrid &#8211; ESP)<\/p>\n<p>Dos 23 convocados apenas 5 jogadores jogam no Brasil, talvez por isso se chama SELE\u00c7\u00c3O BRASILEIRA, porque houve \u00e9poca em que era sele\u00e7\u00e3o do mundo.<\/p>\n","protected":false},"excerpt":{"rendered":"<p>Continuo achando uma falta de respeito, essa babaquice de jogar as eliminat\u00f3rias em dois anos para o mundial de futebol. No formato antigo era bem melhor, em um m\u00eas j\u00e1 sab\u00edamos os\u00a0 classificados. N\u00e3o entendo quem sai ganhando com isso. O torcedor perde at\u00e9 o interesse\u00a0 de jogar e os clubes s\u00e3o sempre prejudicados pela obriga\u00e7\u00e3o de ceder seus melhores jogadores para ditas eliminat\u00f3rias, mencionando o Atl\u00e9tico, por exemplo, que por ceder os jogadores que s\u00e3o de outros pa\u00edses, ter\u00e1 seu time desfalcado em tr\u00eas rodadas e n\u00e3o \u00e9 s\u00f3 o time\u00a0 mineiro, outros times pelo mundo enfrentam o mesmo [&hellip;]<\/p>\n","protected":false},"author":1,"featured_media":45801,"comment_status":"open","ping_status":"open","sticky":false,"template":"","format":"standard","meta":{"_links_to":"","_links_to_target":""},"categories":[15,1],"tags":[],"views":6100,"_links":{"self":[{"href":"https:\/\/www.brazilianpress.com\/v1\/wp-json\/wp\/v2\/posts\/45800"}],"collection":[{"href":"https:\/\/www.brazilianpress.com\/v1\/wp-json\/wp\/v2\/posts"}],"about":[{"href":"https:\/\/www.brazilianpress.com\/v1\/wp-json\/wp\/v2\/types\/post"}],"author":[{"embeddable":true,"href":"https:\/\/www.brazilianpress.com\/v1\/wp-json\/wp\/v2\/users\/1"}],"replies":[{"embeddable":true,"href":"https:\/\/www.brazilianpress.com\/v1\/wp-json\/wp\/v2\/comments?post=45800"}],"version-history":[{"count":1,"href":"https:\/\/www.brazilianpress.com\/v1\/wp-json\/wp\/v2\/posts\/45800\/revisions"}],"predecessor-version":[{"id":45802,"href":"https:\/\/www.brazilianpress.com\/v1\/wp-json\/wp\/v2\/posts\/45800\/revisions\/45802"}],"wp:featuredmedia":[{"embeddable":true,"href":"https:\/\/www.brazilianpress.com\/v1\/wp-json\/wp\/v2\/media\/45801"}],"wp:attachment":[{"href":"https:\/\/www.brazilianpress.com\/v1\/wp-json\/wp\/v2\/media?parent=45800"}],"wp:term":[{"taxonomy":"category","embeddable":true,"href":"https:\/\/www.brazilianpress.com\/v1\/wp-json\/wp\/v2\/categories?post=45800"},{"taxonomy":"post_tag","embeddable":true,"href":"https:\/\/www.brazilianpress.com\/v1\/wp-json\/wp\/v2\/tags?post=45800"}],"curies":[{"name":"wp","href":"https:\/\/api.w.org\/{rel}","templated":true}]}}