{"id":45824,"date":"2020-10-09T18:12:05","date_gmt":"2020-10-09T22:12:05","guid":{"rendered":"https:\/\/www.brazilianpress.com\/v1\/?p=45824"},"modified":"2020-10-09T18:12:05","modified_gmt":"2020-10-09T22:12:05","slug":"emprestado-pelo-atletico-mg-terans-se-destaca-no-penarol-mas-opcao-de-compra-e-improvavel","status":"publish","type":"post","link":"https:\/\/www.brazilianpress.com\/v1\/2020\/10\/09\/emprestado-pelo-atletico-mg-terans-se-destaca-no-penarol-mas-opcao-de-compra-e-improvavel\/","title":{"rendered":"Emprestado pelo Atl\u00e9tico-MG, Terans se destaca no Pe\u00f1arol, mas op\u00e7\u00e3o de compra \u00e9 improv\u00e1vel"},"content":{"rendered":"<p><strong>Um dos jogadores emprestados pelo Atl\u00e9tico-MG em 2020 vem se destacando na temporada, o que animaria a diretoria do Galo no que diz respeito a uma poss\u00edvel venda. Entretanto, ainda que haja gols e assist\u00eancias que transformem David Terans em protagonista no Uruguai, o Pe\u00f1arol n\u00e3o teria poderio financeiro para compr\u00e1-lo.<\/strong><\/p>\n<p>O\u00a0ge\u00a0apurou, com pessoas ligadas ao jogador, que o Pe\u00f1arol, assim como o futebol uruguaio em geral, passa por situa\u00e7\u00e3o econ\u00f4mica delicada para comprar jogadores do exterior, mantendo a pol\u00edtica (e at\u00e9 mesmo a escola) de revelar jogadores para a Europa, vide o jovem Facundo Pelestrini, de 18 anos, na mira de Real Madrid e Man City.<\/p>\n<p>O Pe\u00f1arol tem o direito de exercer a compra de David Terans em dezembro, quando o contrato do meia-atacante terminar\u00e1 por l\u00e1. O valor do &#8220;passe fixado&#8221; n\u00e3o \u00e9 divulgado pelos dois clubes. Nada impede, por exemplo, de o Pe\u00f1arol fazer uma oferta menor para adquirir o atleta em definitivo, mas passaria por uma nova ronda de negocia\u00e7\u00f5es junto ao Galo<\/p>\n<p>A maior chance, entretanto, \u00e9 de que o clube uruguaio amplie o empr\u00e9stimo do jogador de 26 anos. Por l\u00e1, Terans tem 12 jogos, 7 gols e 2 assist\u00eancias. \u00c9 o artilheiro da equipe na temporada, e o vice-goleador da Primeira Divis\u00e3o uruguaia.<\/p>\n<p>David Terans foi comprado pelo Atl\u00e9tico em julho de 2018, ap\u00f3s justamente brilhar no pa\u00eds natal. Ele era jogador do Danubio, artilheiro do Apertura daquele ano com 10 gols em 14 jogos. Pelo Galo, em um ano e meio, foram dois gols em 33 jogos, quase todos como reserva. Ele custou US$ 1,6 milh\u00e3o, quando o Rentistas, detentor dos direitos econ\u00f4micos, vendeu 70% do atleta.<\/p>\n<p>O Atl\u00e9tico, recentemente, foi acionado pelo Rentistas na Fifa, que\u00a0cobra quase US$ 828 mil (R$ 4,7 milh\u00f5es)\u00a0n\u00e3o pagos pela transa\u00e7\u00e3o. O clube brasileiro recebeu ordem para quitar a d\u00edvida, mas j\u00e1 recorreu ao TAS\/CAS (Corte Arbitral do Esporte), o que &#8220;congela&#8221; a obriga\u00e7\u00e3o de pagamento at\u00e9 a decis\u00e3o em segunda inst\u00e2ncia.<\/p>\n","protected":false},"excerpt":{"rendered":"<p>Um dos jogadores emprestados pelo Atl\u00e9tico-MG em 2020 vem se destacando na temporada, o que animaria a diretoria do Galo no que diz respeito a uma poss\u00edvel venda. Entretanto, ainda que haja gols e assist\u00eancias que transformem David Terans em protagonista no Uruguai, o Pe\u00f1arol n\u00e3o teria poderio financeiro para compr\u00e1-lo. O\u00a0ge\u00a0apurou, com pessoas ligadas ao jogador, que o Pe\u00f1arol, assim como o futebol uruguaio em geral, passa por situa\u00e7\u00e3o econ\u00f4mica delicada para comprar jogadores do exterior, mantendo a pol\u00edtica (e at\u00e9 mesmo a escola) de revelar jogadores para a Europa, vide o jovem Facundo Pelestrini, de 18 anos, na [&hellip;]<\/p>\n","protected":false},"author":1,"featured_media":45825,"comment_status":"open","ping_status":"open","sticky":false,"template":"","format":"standard","meta":{"_links_to":"","_links_to_target":""},"categories":[9,1],"tags":[],"views":1541,"_links":{"self":[{"href":"https:\/\/www.brazilianpress.com\/v1\/wp-json\/wp\/v2\/posts\/45824"}],"collection":[{"href":"https:\/\/www.brazilianpress.com\/v1\/wp-json\/wp\/v2\/posts"}],"about":[{"href":"https:\/\/www.brazilianpress.com\/v1\/wp-json\/wp\/v2\/types\/post"}],"author":[{"embeddable":true,"href":"https:\/\/www.brazilianpress.com\/v1\/wp-json\/wp\/v2\/users\/1"}],"replies":[{"embeddable":true,"href":"https:\/\/www.brazilianpress.com\/v1\/wp-json\/wp\/v2\/comments?post=45824"}],"version-history":[{"count":1,"href":"https:\/\/www.brazilianpress.com\/v1\/wp-json\/wp\/v2\/posts\/45824\/revisions"}],"predecessor-version":[{"id":45826,"href":"https:\/\/www.brazilianpress.com\/v1\/wp-json\/wp\/v2\/posts\/45824\/revisions\/45826"}],"wp:featuredmedia":[{"embeddable":true,"href":"https:\/\/www.brazilianpress.com\/v1\/wp-json\/wp\/v2\/media\/45825"}],"wp:attachment":[{"href":"https:\/\/www.brazilianpress.com\/v1\/wp-json\/wp\/v2\/media?parent=45824"}],"wp:term":[{"taxonomy":"category","embeddable":true,"href":"https:\/\/www.brazilianpress.com\/v1\/wp-json\/wp\/v2\/categories?post=45824"},{"taxonomy":"post_tag","embeddable":true,"href":"https:\/\/www.brazilianpress.com\/v1\/wp-json\/wp\/v2\/tags?post=45824"}],"curies":[{"name":"wp","href":"https:\/\/api.w.org\/{rel}","templated":true}]}}