{"id":45827,"date":"2020-10-09T18:13:44","date_gmt":"2020-10-09T22:13:44","guid":{"rendered":"https:\/\/www.brazilianpress.com\/v1\/?p=45827"},"modified":"2020-10-09T18:13:44","modified_gmt":"2020-10-09T22:13:44","slug":"torcedores-do-cruzeiro-protestam-durante-eleicao-para-presidencia-do-clube-no-barro-preto","status":"publish","type":"post","link":"https:\/\/www.brazilianpress.com\/v1\/2020\/10\/09\/torcedores-do-cruzeiro-protestam-durante-eleicao-para-presidencia-do-clube-no-barro-preto\/","title":{"rendered":"Torcedores do Cruzeiro protestam durante elei\u00e7\u00e3o para presid\u00eancia do clube no Barro Preto"},"content":{"rendered":"<p><strong>As elei\u00e7\u00f5es para a presid\u00eancia do Cruzeiro para o tri\u00eanio 20201-2023 foram marcadas por nova manifesta\u00e7\u00e3o da torcida, diante da crise vivida pelo clube. Cerca de 200 torcedores se posicionaram em frente ao Parque Esportivo do Barro Preto com faixas e bandeiras em nova manifesta\u00e7\u00e3o. Candidato \u00fanico, S\u00e9rgio Santos Rodrigues ser\u00e1 eleito presidente pelos pr\u00f3ximos tr\u00eas anos.<\/strong><\/p>\n<p>O pleito ocorre em um dia que come\u00e7ou tumultuado. Pela manh\u00e3,\u00a0membros da torcida celeste tentaram invadir da Toca da Raposa durante o treinamento dos jogadores, que faziam a \u00faltima atividade antes da partida, contra o Sampaio Corr\u00eaa, \u00e0s 18h30, no Mineir\u00e3o, pela 14\u00aa rodada do Campeonato Brasileiro.<\/p>\n<p>Os alvos da torcida durante a manifesta\u00e7\u00e3o do lado de fora do Parque Esportivo foram o supervisor de futebol do Cruzeiro, Benecy Queiroz, o atual presidente S\u00e9rgio Santos Rodrigues, os conselheiros remunerados na gest\u00e3o anterior, e o ex-presidente Gilvan de Pinho Tavares. Muitas bombas e foguetes se misturaram aos c\u00e2nticos entoados pelos torcedores.<\/p>\n<p>Em determinado momento do protesto, houve risco de invas\u00e3o. Os seguran\u00e7as do clube, que estavam na porta do local, precisaram pedir refor\u00e7o aos policiais militares que acompanhavam a manifesta\u00e7\u00e3o.<\/p>\n","protected":false},"excerpt":{"rendered":"<p>As elei\u00e7\u00f5es para a presid\u00eancia do Cruzeiro para o tri\u00eanio 20201-2023 foram marcadas por nova manifesta\u00e7\u00e3o da torcida, diante da crise vivida pelo clube. Cerca de 200 torcedores se posicionaram em frente ao Parque Esportivo do Barro Preto com faixas e bandeiras em nova manifesta\u00e7\u00e3o. Candidato \u00fanico, S\u00e9rgio Santos Rodrigues ser\u00e1 eleito presidente pelos pr\u00f3ximos tr\u00eas anos. O pleito ocorre em um dia que come\u00e7ou tumultuado. Pela manh\u00e3,\u00a0membros da torcida celeste tentaram invadir da Toca da Raposa durante o treinamento dos jogadores, que faziam a \u00faltima atividade antes da partida, contra o Sampaio Corr\u00eaa, \u00e0s 18h30, no Mineir\u00e3o, pela 14\u00aa [&hellip;]<\/p>\n","protected":false},"author":1,"featured_media":45828,"comment_status":"open","ping_status":"open","sticky":false,"template":"","format":"standard","meta":{"_links_to":"","_links_to_target":""},"categories":[9,1],"tags":[],"views":1472,"_links":{"self":[{"href":"https:\/\/www.brazilianpress.com\/v1\/wp-json\/wp\/v2\/posts\/45827"}],"collection":[{"href":"https:\/\/www.brazilianpress.com\/v1\/wp-json\/wp\/v2\/posts"}],"about":[{"href":"https:\/\/www.brazilianpress.com\/v1\/wp-json\/wp\/v2\/types\/post"}],"author":[{"embeddable":true,"href":"https:\/\/www.brazilianpress.com\/v1\/wp-json\/wp\/v2\/users\/1"}],"replies":[{"embeddable":true,"href":"https:\/\/www.brazilianpress.com\/v1\/wp-json\/wp\/v2\/comments?post=45827"}],"version-history":[{"count":1,"href":"https:\/\/www.brazilianpress.com\/v1\/wp-json\/wp\/v2\/posts\/45827\/revisions"}],"predecessor-version":[{"id":45829,"href":"https:\/\/www.brazilianpress.com\/v1\/wp-json\/wp\/v2\/posts\/45827\/revisions\/45829"}],"wp:featuredmedia":[{"embeddable":true,"href":"https:\/\/www.brazilianpress.com\/v1\/wp-json\/wp\/v2\/media\/45828"}],"wp:attachment":[{"href":"https:\/\/www.brazilianpress.com\/v1\/wp-json\/wp\/v2\/media?parent=45827"}],"wp:term":[{"taxonomy":"category","embeddable":true,"href":"https:\/\/www.brazilianpress.com\/v1\/wp-json\/wp\/v2\/categories?post=45827"},{"taxonomy":"post_tag","embeddable":true,"href":"https:\/\/www.brazilianpress.com\/v1\/wp-json\/wp\/v2\/tags?post=45827"}],"curies":[{"name":"wp","href":"https:\/\/api.w.org\/{rel}","templated":true}]}}