{"id":45833,"date":"2020-10-09T18:18:36","date_gmt":"2020-10-09T22:18:36","guid":{"rendered":"https:\/\/www.brazilianpress.com\/v1\/?p=45833"},"modified":"2020-10-09T18:18:36","modified_gmt":"2020-10-09T22:18:36","slug":"mais-um-problema-relacionado-ao-novo-coronavirus-e-descoberto-por-cientistas","status":"publish","type":"post","link":"https:\/\/www.brazilianpress.com\/v1\/2020\/10\/09\/mais-um-problema-relacionado-ao-novo-coronavirus-e-descoberto-por-cientistas\/","title":{"rendered":"Mais um problema relacionado ao novo coronav\u00edrus \u00e9 descoberto por cientistas"},"content":{"rendered":"<p><strong>Um estudo publicado na Frontiers in Psychology, revela que mais da metade dos sonhos ruins est\u00e1 relacionada ao novo coronav\u00edrus. Este \u00e9 mais um sintoma descoberto do novo coronav\u00edrus. Uma pesquisa recente, ali\u00e1s, apontou um\u00a0outro sintoma que \u00e9 mais comum do que a tosse e a febre.\u00a0<\/strong><\/p>\n<p>Segundo os cientistas, imagens e associa\u00e7\u00f5es de ideias similares est\u00e3o presentes em v\u00e1rios dos sonhos estudados, revelando uma esp\u00e9cie de \u201cinconsciente coletivo\u201d da pandemia. Cientistas brasileiros que tamb\u00e9m estudam o efeito da covid-19 nos sonhos confirmam a mudan\u00e7a na tem\u00e1tica dos pesadelos durante a quarentena. Neste novo estudo, pesquisadores estudaram o conte\u00fado dos sonhos de 800 pessoas. Mais da metade dos pesadelos relatados tinha rela\u00e7\u00e3o com a doen\u00e7a ou o isolamento.<\/p>\n<p>\u201cFicamos muito impressionados de observar conte\u00fados e associa\u00e7\u00f5es nos sonhos ruins de cada um dos participantes do estudo, o que reflete o ambiente apocal\u00edptico do lockdown imposto pela covid-19\u201d, afirmou a principal autora do estudo, Anu-Katriina Pesonen, chefe do grupo de pesquisa do sono\u00a0e da mente da Universidade de Helsinque. \u201cOs resultados nos permitem especular que os sonhos, em circunst\u00e2ncias extremas, compartilham imagens e ideias parecidas, indicando uma esp\u00e9cie de inconsciente coletivo\u201d.<\/p>\n<p>A neurocientista brasileira Julie Weingartner, do Instituto D\u2019Or de Pesquisa (Idor), que n\u00e3o est\u00e1 participando de nenhum estudo sobre sonhos, contou que nunca teve tantos pesadelos quanto no per\u00edodo de quarentena.<\/p>\n<p>Os cientistas transcreveram o conte\u00fado dos sonhos, selecionando as palavras mais frequentes em cada um deles, alimentando um algoritmo que selecionou as associa\u00e7\u00f5es mais frequentes. A intelig\u00eancia artificial as dividiu em 33 grupos tem\u00e1ticos. Vinte deles foram classificados como pesadelos dos quais 55% estavam relacionados \u00e0 pandemia.<\/p>\n<p>Entre os temas mais recorrentes est\u00e3o falhas no distanciamento social, aus\u00eancia de equipamentos de prote\u00e7\u00e3o, cont\u00e1gio e situa\u00e7\u00f5es apocal\u00edpticas. No grupo de falhas no distanciamento social, por exemplo, estavam os sonhos em que as pessoas se abra\u00e7avam ou apareciam em meio a grandes aglomera\u00e7\u00f5es, sem manter a dist\u00e2ncia adequada. \u201cNossos sonhos s\u00e3o influenciados por nosso subconsciente, revelam nossos desejos e medos mais profundos\u201d, constatou Julie Weingartner.<\/p>\n<p>O estudo tamb\u00e9m ofereceu alguns dados sobre os padr\u00f5es do sono e os n\u00edveis de estresse dos entrevistados durante o lockdown. Por exemplo,\u00a0mais da metade dos volunt\u00e1rios revelou estar dormindo mais durante a quarentena, embora 10% tenham mais dificuldade de pegar no sono. Mais de um quarto dos pesquisados revelou ter pesadelos com mais frequ\u00eancia.<\/p>\n<p>Mais da metade dos entrevistados reportou um aumento nos n\u00edveis de estresse \u2013 o que est\u00e1 diretamente relacionado \u00e0 ocorr\u00eancia de pesadelos. Os mais estressados foram os que mais relataram pesadelos com a pandemia. Por causa disso, a pesquisa oferece informa\u00e7\u00f5es valiosas para os especialistas que est\u00e3o tentando avaliar o impacto da pandemia na sa\u00fade mental da popula\u00e7\u00e3o.<\/p>\n<p>Pesadelos recorrentes e intensos podem estar relacionados ao estresse p\u00f3s-traum\u00e1tico\u201d, explicou a cientista finlandesa. \u201cO conte\u00fado dos sonhos n\u00e3o \u00e9 totalmente aleat\u00f3rio e pode ser importante para a compreens\u00e3o das experi\u00eancias de estresse, trauma e ansiedade\u201d.<\/p>\n","protected":false},"excerpt":{"rendered":"<p>Um estudo publicado na Frontiers in Psychology, revela que mais da metade dos sonhos ruins est\u00e1 relacionada ao novo coronav\u00edrus. Este \u00e9 mais um sintoma descoberto do novo coronav\u00edrus. Uma pesquisa recente, ali\u00e1s, apontou um\u00a0outro sintoma que \u00e9 mais comum do que a tosse e a febre.\u00a0 Segundo os cientistas, imagens e associa\u00e7\u00f5es de ideias similares est\u00e3o presentes em v\u00e1rios dos sonhos estudados, revelando uma esp\u00e9cie de \u201cinconsciente coletivo\u201d da pandemia. Cientistas brasileiros que tamb\u00e9m estudam o efeito da covid-19 nos sonhos confirmam a mudan\u00e7a na tem\u00e1tica dos pesadelos durante a quarentena. Neste novo estudo, pesquisadores estudaram o conte\u00fado dos [&hellip;]<\/p>\n","protected":false},"author":1,"featured_media":44035,"comment_status":"open","ping_status":"open","sticky":false,"template":"","format":"standard","meta":{"_links_to":"","_links_to_target":""},"categories":[8,1],"tags":[],"views":1757,"_links":{"self":[{"href":"https:\/\/www.brazilianpress.com\/v1\/wp-json\/wp\/v2\/posts\/45833"}],"collection":[{"href":"https:\/\/www.brazilianpress.com\/v1\/wp-json\/wp\/v2\/posts"}],"about":[{"href":"https:\/\/www.brazilianpress.com\/v1\/wp-json\/wp\/v2\/types\/post"}],"author":[{"embeddable":true,"href":"https:\/\/www.brazilianpress.com\/v1\/wp-json\/wp\/v2\/users\/1"}],"replies":[{"embeddable":true,"href":"https:\/\/www.brazilianpress.com\/v1\/wp-json\/wp\/v2\/comments?post=45833"}],"version-history":[{"count":1,"href":"https:\/\/www.brazilianpress.com\/v1\/wp-json\/wp\/v2\/posts\/45833\/revisions"}],"predecessor-version":[{"id":45834,"href":"https:\/\/www.brazilianpress.com\/v1\/wp-json\/wp\/v2\/posts\/45833\/revisions\/45834"}],"wp:featuredmedia":[{"embeddable":true,"href":"https:\/\/www.brazilianpress.com\/v1\/wp-json\/wp\/v2\/media\/44035"}],"wp:attachment":[{"href":"https:\/\/www.brazilianpress.com\/v1\/wp-json\/wp\/v2\/media?parent=45833"}],"wp:term":[{"taxonomy":"category","embeddable":true,"href":"https:\/\/www.brazilianpress.com\/v1\/wp-json\/wp\/v2\/categories?post=45833"},{"taxonomy":"post_tag","embeddable":true,"href":"https:\/\/www.brazilianpress.com\/v1\/wp-json\/wp\/v2\/tags?post=45833"}],"curies":[{"name":"wp","href":"https:\/\/api.w.org\/{rel}","templated":true}]}}