{"id":45835,"date":"2020-10-09T18:25:23","date_gmt":"2020-10-09T22:25:23","guid":{"rendered":"https:\/\/www.brazilianpress.com\/v1\/?p=45835"},"modified":"2020-10-09T18:25:23","modified_gmt":"2020-10-09T22:25:23","slug":"brasil-mesmo-na-pandemia-comercio-varejista-atinge-maior-patamar-de-vendas-em-20-anos","status":"publish","type":"post","link":"https:\/\/www.brazilianpress.com\/v1\/2020\/10\/09\/brasil-mesmo-na-pandemia-comercio-varejista-atinge-maior-patamar-de-vendas-em-20-anos\/","title":{"rendered":"Brasil: Mesmo na pandemia, com\u00e9rcio varejista atinge maior patamar de vendas em 20 anos"},"content":{"rendered":"<p><strong>O volume de vendas do com\u00e9rcio varejista brasileiro teve alta de 3,4% na passagem de julho para agosto deste ano. Com o resultado, o indicador atingiu o maior patamar da s\u00e9rie hist\u00f3rica da Pesquisa Mensal de Com\u00e9rcio (PMC), iniciada em 2000, ficando 2,6% acima do recorde anterior, de outubro de 2014.<\/strong><\/p>\n<p>Essa foi a quarta alta consecutiva do indicador, depois dos recuos de 2,4% em mar\u00e7o e de 16,7% em abril, devido ao in\u00edcio das medidas de isolamento adotadas por causa da pandemia de covid-19. O estudo foi feito pelo Instituto Brasileiro de Geografia e Estat\u00edstica &#8211; IBGE.<\/p>\n<p>O varejo tamb\u00e9m registrou altas de 5,6% na m\u00e9dia m\u00f3vel trimestral, de 6,1% na compara\u00e7\u00e3o com agosto de 2019 e de 0,5% em 12 meses. No acumulado do ano, no entanto, teve queda de 0,9%.<\/p>\n<p>Na passagem de julho para agosto, cinco das oito atividades do com\u00e9rcio varejista tiveram alta: tecidos, vestu\u00e1rio e cal\u00e7ados (30,5%), outros artigos de uso pessoal e dom\u00e9stico (10,4%), m\u00f3veis e eletrodom\u00e9sticos (4,6%), equipamentos e material para escrit\u00f3rio, inform\u00e1tica e comunica\u00e7\u00e3o (1,5%) e combust\u00edveis e lubrificantes (1,3%).<\/p>\n<p><strong>Perdas<\/strong><\/p>\n<p>Ao mesmo tempo, houve perdas nos segmentos de artigos farmac\u00eauticos, m\u00e9dicos, ortop\u00e9dicos, perfumaria e cosm\u00e9ticos (-1,2%), hipermercados, supermercados, produtos aliment\u00edcios, bebidas e fumo (-2,2%) e livros, jornais, revistas e papelaria (-24,7%).<\/p>\n<p>O varejo ampliado, que tamb\u00e9m inclui materiais de constru\u00e7\u00e3o e ve\u00edculos\/pe\u00e7as teve crescimento de 4,6% na compara\u00e7\u00e3o com julho deste ano, com altas nos materiais de constru\u00e7\u00e3o (3,6%) e nos ve\u00edculos, motos e pe\u00e7as (8,8%).<\/p>\n<p>O varejo ampliado tamb\u00e9m cresceu 7,6% na m\u00e9dia m\u00f3vel trimestral e 3,9% na compara\u00e7\u00e3o com agosto do ano passado. Mas teve perdas de 5% no acumulado do ano e de 1,7% no acumulado de 12 meses.<\/p>\n<p>A receita nominal do varejo teve altas de 3,9% na compara\u00e7\u00e3o com julho deste ano, de 10,1% na compara\u00e7\u00e3o com agosto de 2019, de 2,4% no acumulado do ano e de 3,4% no acumulado de 12 meses. J\u00e1 a receita do varejo ampliado teve altas de 5,2% se comparado com o m\u00eas anterior, de 7,7% em rela\u00e7\u00e3o a agosto do ano passado e de 1% em 12 meses. Mas teve queda de 1,8% no acumulado do ano. (ABr)<\/p>\n","protected":false},"excerpt":{"rendered":"<p>O volume de vendas do com\u00e9rcio varejista brasileiro teve alta de 3,4% na passagem de julho para agosto deste ano. Com o resultado, o indicador atingiu o maior patamar da s\u00e9rie hist\u00f3rica da Pesquisa Mensal de Com\u00e9rcio (PMC), iniciada em 2000, ficando 2,6% acima do recorde anterior, de outubro de 2014. Essa foi a quarta alta consecutiva do indicador, depois dos recuos de 2,4% em mar\u00e7o e de 16,7% em abril, devido ao in\u00edcio das medidas de isolamento adotadas por causa da pandemia de covid-19. O estudo foi feito pelo Instituto Brasileiro de Geografia e Estat\u00edstica &#8211; IBGE. O varejo [&hellip;]<\/p>\n","protected":false},"author":1,"featured_media":45836,"comment_status":"open","ping_status":"open","sticky":false,"template":"","format":"standard","meta":{"_links_to":"","_links_to_target":""},"categories":[7,1],"tags":[],"views":1504,"_links":{"self":[{"href":"https:\/\/www.brazilianpress.com\/v1\/wp-json\/wp\/v2\/posts\/45835"}],"collection":[{"href":"https:\/\/www.brazilianpress.com\/v1\/wp-json\/wp\/v2\/posts"}],"about":[{"href":"https:\/\/www.brazilianpress.com\/v1\/wp-json\/wp\/v2\/types\/post"}],"author":[{"embeddable":true,"href":"https:\/\/www.brazilianpress.com\/v1\/wp-json\/wp\/v2\/users\/1"}],"replies":[{"embeddable":true,"href":"https:\/\/www.brazilianpress.com\/v1\/wp-json\/wp\/v2\/comments?post=45835"}],"version-history":[{"count":1,"href":"https:\/\/www.brazilianpress.com\/v1\/wp-json\/wp\/v2\/posts\/45835\/revisions"}],"predecessor-version":[{"id":45837,"href":"https:\/\/www.brazilianpress.com\/v1\/wp-json\/wp\/v2\/posts\/45835\/revisions\/45837"}],"wp:featuredmedia":[{"embeddable":true,"href":"https:\/\/www.brazilianpress.com\/v1\/wp-json\/wp\/v2\/media\/45836"}],"wp:attachment":[{"href":"https:\/\/www.brazilianpress.com\/v1\/wp-json\/wp\/v2\/media?parent=45835"}],"wp:term":[{"taxonomy":"category","embeddable":true,"href":"https:\/\/www.brazilianpress.com\/v1\/wp-json\/wp\/v2\/categories?post=45835"},{"taxonomy":"post_tag","embeddable":true,"href":"https:\/\/www.brazilianpress.com\/v1\/wp-json\/wp\/v2\/tags?post=45835"}],"curies":[{"name":"wp","href":"https:\/\/api.w.org\/{rel}","templated":true}]}}