{"id":45838,"date":"2020-10-09T18:29:59","date_gmt":"2020-10-09T22:29:59","guid":{"rendered":"https:\/\/www.brazilianpress.com\/v1\/?p=45838"},"modified":"2020-10-09T18:29:59","modified_gmt":"2020-10-09T22:29:59","slug":"ice-prepara-incursoes-em-cidades-santuario-para-o-mes-de-outubro","status":"publish","type":"post","link":"https:\/\/www.brazilianpress.com\/v1\/2020\/10\/09\/ice-prepara-incursoes-em-cidades-santuario-para-o-mes-de-outubro\/","title":{"rendered":"ICE prepara incurs\u00f5es em &#8220;Cidades Santu\u00e1rio&#8221; para o m\u00eas de outubro"},"content":{"rendered":"<p><strong>O governo do presidente Donald Trump est\u00e1 planejando uma onda de redadas de imigra\u00e7\u00e3o em v\u00e1rias &#8220;cidades-santu\u00e1rio&#8221; para o m\u00eas de outubro, de acordo com o jornal de Washington Post na ter\u00e7a-feira.<\/strong><\/p>\n<p>O jornal atribuiu a informa\u00e7\u00e3o a &#8220;tr\u00eas autoridades americanas que descreveram um plano com mensagens p\u00fablicas que ecoam a ret\u00f3rica da campanha da lei e da ordem do presidente&#8221;. O Post disse que a opera\u00e7\u00e3o denominada Immigration and Customs Enforcement (ICE), informalmente conhecida como &#8220;opera\u00e7\u00e3o santu\u00e1rio&#8221;, pode come\u00e7ar na Calif\u00f3rnia ainda esta semana.<\/p>\n<p>O jornal acrescentou que mais tarde se expandiria para cidades como Denver e Filad\u00e9lfia, de acordo com duas das autoridades, que falaram sob condi\u00e7\u00e3o de anonimato. Chad Wolf, secret\u00e1rio interino do Departamento de Seguran\u00e7a Interna, provavelmente viajar\u00e1 para pelo menos uma das jurisdi\u00e7\u00f5es onde a opera\u00e7\u00e3o ocorrer\u00e1 para promover as alega\u00e7\u00f5es do presidente Trump de que os l\u00edderes dessas cidades falharam em proteger os residentes de criminosos perigosos, disseram dois dos funcion\u00e1rios, ainda de acordo com o Post.<\/p>\n","protected":false},"excerpt":{"rendered":"<p>O governo do presidente Donald Trump est\u00e1 planejando uma onda de redadas de imigra\u00e7\u00e3o em v\u00e1rias &#8220;cidades-santu\u00e1rio&#8221; para o m\u00eas de outubro, de acordo com o jornal de Washington Post na ter\u00e7a-feira. O jornal atribuiu a informa\u00e7\u00e3o a &#8220;tr\u00eas autoridades americanas que descreveram um plano com mensagens p\u00fablicas que ecoam a ret\u00f3rica da campanha da lei e da ordem do presidente&#8221;. O Post disse que a opera\u00e7\u00e3o denominada Immigration and Customs Enforcement (ICE), informalmente conhecida como &#8220;opera\u00e7\u00e3o santu\u00e1rio&#8221;, pode come\u00e7ar na Calif\u00f3rnia ainda esta semana. O jornal acrescentou que mais tarde se expandiria para cidades como Denver e Filad\u00e9lfia, de [&hellip;]<\/p>\n","protected":false},"author":1,"featured_media":29495,"comment_status":"open","ping_status":"open","sticky":false,"template":"","format":"standard","meta":{"_links_to":"","_links_to_target":""},"categories":[3,1,10],"tags":[],"views":1492,"_links":{"self":[{"href":"https:\/\/www.brazilianpress.com\/v1\/wp-json\/wp\/v2\/posts\/45838"}],"collection":[{"href":"https:\/\/www.brazilianpress.com\/v1\/wp-json\/wp\/v2\/posts"}],"about":[{"href":"https:\/\/www.brazilianpress.com\/v1\/wp-json\/wp\/v2\/types\/post"}],"author":[{"embeddable":true,"href":"https:\/\/www.brazilianpress.com\/v1\/wp-json\/wp\/v2\/users\/1"}],"replies":[{"embeddable":true,"href":"https:\/\/www.brazilianpress.com\/v1\/wp-json\/wp\/v2\/comments?post=45838"}],"version-history":[{"count":1,"href":"https:\/\/www.brazilianpress.com\/v1\/wp-json\/wp\/v2\/posts\/45838\/revisions"}],"predecessor-version":[{"id":45839,"href":"https:\/\/www.brazilianpress.com\/v1\/wp-json\/wp\/v2\/posts\/45838\/revisions\/45839"}],"wp:featuredmedia":[{"embeddable":true,"href":"https:\/\/www.brazilianpress.com\/v1\/wp-json\/wp\/v2\/media\/29495"}],"wp:attachment":[{"href":"https:\/\/www.brazilianpress.com\/v1\/wp-json\/wp\/v2\/media?parent=45838"}],"wp:term":[{"taxonomy":"category","embeddable":true,"href":"https:\/\/www.brazilianpress.com\/v1\/wp-json\/wp\/v2\/categories?post=45838"},{"taxonomy":"post_tag","embeddable":true,"href":"https:\/\/www.brazilianpress.com\/v1\/wp-json\/wp\/v2\/tags?post=45838"}],"curies":[{"name":"wp","href":"https:\/\/api.w.org\/{rel}","templated":true}]}}