{"id":45998,"date":"2020-10-23T12:21:48","date_gmt":"2020-10-23T16:21:48","guid":{"rendered":"https:\/\/www.brazilianpress.com\/v1\/?p=45998"},"modified":"2020-10-23T12:21:48","modified_gmt":"2020-10-23T16:21:48","slug":"newark-nj-estende-aulas-online-ate-janeiro-de-2021","status":"publish","type":"post","link":"https:\/\/www.brazilianpress.com\/v1\/2020\/10\/23\/newark-nj-estende-aulas-online-ate-janeiro-de-2021\/","title":{"rendered":"Newark, NJ, estende aulas online at\u00e9 janeiro de 2021"},"content":{"rendered":"<p><strong>As aulas remotas em Newark, NJ, foram estendidas at\u00e9 25 de janeiro de 2021, conforme anunciado pelas autoridades municipais. O superintendente da Escola de Newark, Roger Leon, disse que a decis\u00e3o de continuar as aulas online n\u00e3o foi f\u00e1cil, mas foi tomada porque sua prioridade \u00e9 a sa\u00fade e o bem-estar dos alunos e funcion\u00e1rios.<\/strong><\/p>\n<p>No in\u00edcio da pandemia as aulas remotas haviam sido estendidas at\u00e9 meados de novembro. O plano de volta \u00e0s aulas da cidade exige que os funcion\u00e1rios e professores fa\u00e7am o teste de COVID-19 duas semanas antes da admiss\u00e3o.<\/p>\n<p>\u201cOs professores come\u00e7ar\u00e3o antes dos alunos, no dia 19 de janeiro, e duas semanas antes de seu reingresso ter\u00e3o que fazer a prova do COVID-19, todos, inclusive os funcion\u00e1rios\u201d, disse Le\u00f3n.\u00a0Al\u00e9m disso, ele disse que o plano sempre pode mudar dependendo de como a situa\u00e7\u00e3o de pandemia continua.<\/p>\n<p>O Conselho de Educa\u00e7\u00e3o de Newark pede aos pais dos alunos que verifiquem as informa\u00e7\u00f5es no site https:\/\/www.nps.k12.nj.us\/. Para obter mais informa\u00e7\u00f5es, por exemplo, sobre distribui\u00e7\u00e3o de alimentos, voc\u00ea pode entrar em contato com o conselho educacional de Newark em (973) 733-7333.<\/p>\n<p>New Jersey relatou um aumento nos casos di\u00e1rios de COVID-19 nas \u00faltimas semanas, o que gerou preocupa\u00e7\u00e3o. Na ter\u00e7a-feira, o governador de New York relatou 1.036 novos casos, 222.193 desde o in\u00edcio da pandemia.\u00a0Al\u00e9m disso, ele relatou 13 novas mortes de COVID-19 para um total de 14.438 vidas perdidas at\u00e9 agora.<\/p>\n","protected":false},"excerpt":{"rendered":"<p>As aulas remotas em Newark, NJ, foram estendidas at\u00e9 25 de janeiro de 2021, conforme anunciado pelas autoridades municipais. O superintendente da Escola de Newark, Roger Leon, disse que a decis\u00e3o de continuar as aulas online n\u00e3o foi f\u00e1cil, mas foi tomada porque sua prioridade \u00e9 a sa\u00fade e o bem-estar dos alunos e funcion\u00e1rios. No in\u00edcio da pandemia as aulas remotas haviam sido estendidas at\u00e9 meados de novembro. O plano de volta \u00e0s aulas da cidade exige que os funcion\u00e1rios e professores fa\u00e7am o teste de COVID-19 duas semanas antes da admiss\u00e3o. \u201cOs professores come\u00e7ar\u00e3o antes dos alunos, no [&hellip;]<\/p>\n","protected":false},"author":1,"featured_media":45999,"comment_status":"open","ping_status":"open","sticky":false,"template":"","format":"standard","meta":{"_links_to":"","_links_to_target":""},"categories":[4,3,1],"tags":[],"views":2244,"_links":{"self":[{"href":"https:\/\/www.brazilianpress.com\/v1\/wp-json\/wp\/v2\/posts\/45998"}],"collection":[{"href":"https:\/\/www.brazilianpress.com\/v1\/wp-json\/wp\/v2\/posts"}],"about":[{"href":"https:\/\/www.brazilianpress.com\/v1\/wp-json\/wp\/v2\/types\/post"}],"author":[{"embeddable":true,"href":"https:\/\/www.brazilianpress.com\/v1\/wp-json\/wp\/v2\/users\/1"}],"replies":[{"embeddable":true,"href":"https:\/\/www.brazilianpress.com\/v1\/wp-json\/wp\/v2\/comments?post=45998"}],"version-history":[{"count":1,"href":"https:\/\/www.brazilianpress.com\/v1\/wp-json\/wp\/v2\/posts\/45998\/revisions"}],"predecessor-version":[{"id":46000,"href":"https:\/\/www.brazilianpress.com\/v1\/wp-json\/wp\/v2\/posts\/45998\/revisions\/46000"}],"wp:featuredmedia":[{"embeddable":true,"href":"https:\/\/www.brazilianpress.com\/v1\/wp-json\/wp\/v2\/media\/45999"}],"wp:attachment":[{"href":"https:\/\/www.brazilianpress.com\/v1\/wp-json\/wp\/v2\/media?parent=45998"}],"wp:term":[{"taxonomy":"category","embeddable":true,"href":"https:\/\/www.brazilianpress.com\/v1\/wp-json\/wp\/v2\/categories?post=45998"},{"taxonomy":"post_tag","embeddable":true,"href":"https:\/\/www.brazilianpress.com\/v1\/wp-json\/wp\/v2\/tags?post=45998"}],"curies":[{"name":"wp","href":"https:\/\/api.w.org\/{rel}","templated":true}]}}