{"id":46001,"date":"2020-10-23T12:23:49","date_gmt":"2020-10-23T16:23:49","guid":{"rendered":"https:\/\/www.brazilianpress.com\/v1\/?p=46001"},"modified":"2020-10-23T12:23:49","modified_gmt":"2020-10-23T16:23:49","slug":"ice-inicia-deportacao-expressa-de-indocumentados-ha-menos-de-2-anos-no-pais-eua","status":"publish","type":"post","link":"https:\/\/www.brazilianpress.com\/v1\/2020\/10\/23\/ice-inicia-deportacao-expressa-de-indocumentados-ha-menos-de-2-anos-no-pais-eua\/","title":{"rendered":"ICE inicia deporta\u00e7\u00e3o &#8220;expressa&#8221; de indocumentados h\u00e1 menos de 2 anos no pa\u00eds EUA"},"content":{"rendered":"<p><strong>O governo do presidente Donald Trump anunciou quarta-feira que implementou uma pol\u00edtica para deportar &#8220;rapidamente&#8221; imigrantes sem documentos que n\u00e3o possam provar que est\u00e3o nos Estados Unidos h\u00e1 pelo menos dois anos.<\/strong><\/p>\n<p>A informa\u00e7\u00e3o foi comunicada pelo Gabinete de Imigra\u00e7\u00e3o e Alf\u00e2ndega (ICE), que \u00e9 o aparelho federal respons\u00e1vel pelas deporta\u00e7\u00f5es, em comunicado em que indica que a partir desta quarta-feira pode &#8220;acelerar&#8221; a expuls\u00e3o de certos imigrantes sem documentos e criminosos gra\u00e7as a uma ordem judicial recente emitida pelo Tribunal de Recursos do Distrito de Columbia.<\/p>\n<p>Antes da implementa\u00e7\u00e3o desta nova diretriz, as autoridades de imigra\u00e7\u00e3o s\u00f3 podiam usar a &#8220;deporta\u00e7\u00e3o acelerada&#8221; com imigrantes detidos em um raio de 100 milhas da fronteira que n\u00e3o puderam provar que entraram no pa\u00eds legalmente e n\u00e3o foram pelo menos duas semanas nos EUA.<\/p>\n<p>A medida visa os estrangeiros que est\u00e3o nos Estados Unidos &#8220;sem terem sido admitidos ou em liberdade condicional ap\u00f3s a inspe\u00e7\u00e3o de um agente de imigra\u00e7\u00e3o em um porto de entrada&#8221; &#8211; um processo que \u00e9 aplicado para requerentes de asilo &#8211; e aqueles que n\u00e3o chegaram at\u00e9 mar, que n\u00e3o tenham estado fisicamente no pa\u00eds nos dois anos anteriores \u00e0 sua inadmissibilidade.<\/p>\n<p>Al\u00e9m disso, afetar\u00e1 quem est\u00e1 no pa\u00eds continuamente h\u00e1 pelo menos 14 dias, mas menos de dois anos.<\/p>\n<p>A nova regulamenta\u00e7\u00e3o n\u00e3o afeta os estrangeiros que chegam aos portos de entrada &#8211; principalmente em busca de asilo &#8211; que, segundo o documento, &#8220;j\u00e1 est\u00e3o sujeitos a deporta\u00e7\u00e3o acelerada&#8221;.<\/p>\n<p>De acordo com a norma, os estrangeiros que forem colocados em um processo de deporta\u00e7\u00e3o &#8220;acelerado&#8221; e que expressem sua inten\u00e7\u00e3o de solicitar asilo por medo de serem perseguidos ou torturados ao retornar ao seu pa\u00eds &#8220;ser\u00e3o entrevistados por um oficial de asilo&#8221; que determinar\u00e1 se tem &#8220;um medo cred\u00edvel&#8221;.<\/p>\n<p>Os imigrantes sujeitos a uma poss\u00edvel deporta\u00e7\u00e3o r\u00e1pida poder\u00e3o comprovar que est\u00e3o no pa\u00eds h\u00e1 mais de dois anos com documentos de contas banc\u00e1rias, faturas, recibos, cartas, registros escolares ou pagamentos de impostos, entre outros.<\/p>\n<p>Em rela\u00e7\u00e3o \u00e0 aplica\u00e7\u00e3o desta lei, o ICE esclareceu que todos os seus prepostos e procuradores \u201cdevem realizar o treinamento obrigat\u00f3rio\u201d no site da ag\u00eancia \u201cantes de poderem implementar\u201c o programa.<\/p>\n<p>A nova medida come\u00e7a menos de duas semanas antes das elei\u00e7\u00f5es presidenciais de 3 de novembro, que enfrentar\u00e3o Trump e o candidato democrata Joe Biden.<\/p>\n","protected":false},"excerpt":{"rendered":"<p>O governo do presidente Donald Trump anunciou quarta-feira que implementou uma pol\u00edtica para deportar &#8220;rapidamente&#8221; imigrantes sem documentos que n\u00e3o possam provar que est\u00e3o nos Estados Unidos h\u00e1 pelo menos dois anos. A informa\u00e7\u00e3o foi comunicada pelo Gabinete de Imigra\u00e7\u00e3o e Alf\u00e2ndega (ICE), que \u00e9 o aparelho federal respons\u00e1vel pelas deporta\u00e7\u00f5es, em comunicado em que indica que a partir desta quarta-feira pode &#8220;acelerar&#8221; a expuls\u00e3o de certos imigrantes sem documentos e criminosos gra\u00e7as a uma ordem judicial recente emitida pelo Tribunal de Recursos do Distrito de Columbia. Antes da implementa\u00e7\u00e3o desta nova diretriz, as autoridades de imigra\u00e7\u00e3o s\u00f3 podiam usar [&hellip;]<\/p>\n","protected":false},"author":1,"featured_media":27318,"comment_status":"open","ping_status":"open","sticky":false,"template":"","format":"standard","meta":{"_links_to":"","_links_to_target":""},"categories":[4,3,1],"tags":[],"views":1143,"_links":{"self":[{"href":"https:\/\/www.brazilianpress.com\/v1\/wp-json\/wp\/v2\/posts\/46001"}],"collection":[{"href":"https:\/\/www.brazilianpress.com\/v1\/wp-json\/wp\/v2\/posts"}],"about":[{"href":"https:\/\/www.brazilianpress.com\/v1\/wp-json\/wp\/v2\/types\/post"}],"author":[{"embeddable":true,"href":"https:\/\/www.brazilianpress.com\/v1\/wp-json\/wp\/v2\/users\/1"}],"replies":[{"embeddable":true,"href":"https:\/\/www.brazilianpress.com\/v1\/wp-json\/wp\/v2\/comments?post=46001"}],"version-history":[{"count":1,"href":"https:\/\/www.brazilianpress.com\/v1\/wp-json\/wp\/v2\/posts\/46001\/revisions"}],"predecessor-version":[{"id":46002,"href":"https:\/\/www.brazilianpress.com\/v1\/wp-json\/wp\/v2\/posts\/46001\/revisions\/46002"}],"wp:featuredmedia":[{"embeddable":true,"href":"https:\/\/www.brazilianpress.com\/v1\/wp-json\/wp\/v2\/media\/27318"}],"wp:attachment":[{"href":"https:\/\/www.brazilianpress.com\/v1\/wp-json\/wp\/v2\/media?parent=46001"}],"wp:term":[{"taxonomy":"category","embeddable":true,"href":"https:\/\/www.brazilianpress.com\/v1\/wp-json\/wp\/v2\/categories?post=46001"},{"taxonomy":"post_tag","embeddable":true,"href":"https:\/\/www.brazilianpress.com\/v1\/wp-json\/wp\/v2\/tags?post=46001"}],"curies":[{"name":"wp","href":"https:\/\/api.w.org\/{rel}","templated":true}]}}