{"id":46005,"date":"2020-10-23T12:29:49","date_gmt":"2020-10-23T16:29:49","guid":{"rendered":"https:\/\/www.brazilianpress.com\/v1\/?p=46005"},"modified":"2020-10-23T12:29:49","modified_gmt":"2020-10-23T16:29:49","slug":"pais-de-criancas-separadas-na-fronteira-eua-mexico-nao-sao-encontrados","status":"publish","type":"post","link":"https:\/\/www.brazilianpress.com\/v1\/2020\/10\/23\/pais-de-criancas-separadas-na-fronteira-eua-mexico-nao-sao-encontrados\/","title":{"rendered":"Pais de crian\u00e7as separadas na fronteira EUA-M\u00e9xico n\u00e3o s\u00e3o encontrados"},"content":{"rendered":"<p><strong>Advogados e organiza\u00e7\u00f5es sem fins lucrativos que buscam reunir fam\u00edlias de imigrantes que foram separadas na fronteira dos Estados Unidos (EUA) com o M\u00e9xico pelo governo do presidente Donald Trump, n\u00e3o conseguiram localizar os pais de 545 crian\u00e7as at\u00e9 o momento.<\/strong><\/p>\n<p>Uma ju\u00edza federal norte-americana determinou\u00a0que milhares de fam\u00edlias que foram separadas na fronteira em 2017 e 2018 sejam reunidas, ap\u00f3s um processo de 2018 movido pela organiza\u00e7\u00e3o American Civil Liberties Union (ACLU).<\/p>\n<p>Um documento sobre o caso, apresentado esta semana no \u00e2mbito de uma a\u00e7\u00e3o judicial, informou que alguns pais deportados sem seus filhos ainda n\u00e3o puderam ser localizados. &#8220;\u00c1rduas buscas no terreno&#8221; por pais deportados para seus pa\u00edses de origem &#8211; muitos na Am\u00e9rica Central &#8211; foram complicadas pela pandemia de covid-19, afirma o documento.<\/p>\n<p>O republicano Donald Trump implementou, em maio de 2018, uma pol\u00eamica pol\u00edtica de &#8220;toler\u00e2ncia zero&#8221; para processar fam\u00edlias flagradas cruzando a fronteira ilegalmente e retirar seus filhos. Em meio a protestos internacionais, ele encerrou a pol\u00edtica poucos meses depois do an\u00fancio. O governo identificou mais de 4.200 crian\u00e7as que podem ser protegidas pela ordem de reunifica\u00e7\u00e3o. (ABr)<\/p>\n","protected":false},"excerpt":{"rendered":"<p>Advogados e organiza\u00e7\u00f5es sem fins lucrativos que buscam reunir fam\u00edlias de imigrantes que foram separadas na fronteira dos Estados Unidos (EUA) com o M\u00e9xico pelo governo do presidente Donald Trump, n\u00e3o conseguiram localizar os pais de 545 crian\u00e7as at\u00e9 o momento. Uma ju\u00edza federal norte-americana determinou\u00a0que milhares de fam\u00edlias que foram separadas na fronteira em 2017 e 2018 sejam reunidas, ap\u00f3s um processo de 2018 movido pela organiza\u00e7\u00e3o American Civil Liberties Union (ACLU). Um documento sobre o caso, apresentado esta semana no \u00e2mbito de uma a\u00e7\u00e3o judicial, informou que alguns pais deportados sem seus filhos ainda n\u00e3o puderam ser localizados. [&hellip;]<\/p>\n","protected":false},"author":1,"featured_media":46007,"comment_status":"open","ping_status":"open","sticky":false,"template":"","format":"standard","meta":{"_links_to":"","_links_to_target":""},"categories":[4,3,1],"tags":[],"views":1456,"_links":{"self":[{"href":"https:\/\/www.brazilianpress.com\/v1\/wp-json\/wp\/v2\/posts\/46005"}],"collection":[{"href":"https:\/\/www.brazilianpress.com\/v1\/wp-json\/wp\/v2\/posts"}],"about":[{"href":"https:\/\/www.brazilianpress.com\/v1\/wp-json\/wp\/v2\/types\/post"}],"author":[{"embeddable":true,"href":"https:\/\/www.brazilianpress.com\/v1\/wp-json\/wp\/v2\/users\/1"}],"replies":[{"embeddable":true,"href":"https:\/\/www.brazilianpress.com\/v1\/wp-json\/wp\/v2\/comments?post=46005"}],"version-history":[{"count":1,"href":"https:\/\/www.brazilianpress.com\/v1\/wp-json\/wp\/v2\/posts\/46005\/revisions"}],"predecessor-version":[{"id":46008,"href":"https:\/\/www.brazilianpress.com\/v1\/wp-json\/wp\/v2\/posts\/46005\/revisions\/46008"}],"wp:featuredmedia":[{"embeddable":true,"href":"https:\/\/www.brazilianpress.com\/v1\/wp-json\/wp\/v2\/media\/46007"}],"wp:attachment":[{"href":"https:\/\/www.brazilianpress.com\/v1\/wp-json\/wp\/v2\/media?parent=46005"}],"wp:term":[{"taxonomy":"category","embeddable":true,"href":"https:\/\/www.brazilianpress.com\/v1\/wp-json\/wp\/v2\/categories?post=46005"},{"taxonomy":"post_tag","embeddable":true,"href":"https:\/\/www.brazilianpress.com\/v1\/wp-json\/wp\/v2\/tags?post=46005"}],"curies":[{"name":"wp","href":"https:\/\/api.w.org\/{rel}","templated":true}]}}