{"id":46009,"date":"2020-10-23T18:32:14","date_gmt":"2020-10-23T22:32:14","guid":{"rendered":"https:\/\/www.brazilianpress.com\/v1\/?p=46009"},"modified":"2020-10-23T18:32:14","modified_gmt":"2020-10-23T22:32:14","slug":"audiencia-atletico-mg-x-ricardo-oliveira-termina-sem-acordo-e-tem-cazares-como-testemunha","status":"publish","type":"post","link":"https:\/\/www.brazilianpress.com\/v1\/2020\/10\/23\/audiencia-atletico-mg-x-ricardo-oliveira-termina-sem-acordo-e-tem-cazares-como-testemunha\/","title":{"rendered":"Audi\u00eancia Atl\u00e9tico-MG x Ricardo Oliveira termina sem acordo e tem Cazares como testemunha"},"content":{"rendered":"<p><strong>Concilia\u00e7\u00e3o recusada na audi\u00eancia de instru\u00e7\u00e3o entre Atl\u00e9tico-MG e Ricardo Oliveira, realizada nesta quarta-feira, na 27\u00aa Vara do Trabalho de Belo Horizonte. O\u00a0atacante acionou o clube na Justi\u00e7a do Trabalho e cobra R$ 3,7 milh\u00f5es, valor que engloba atrasos, multas e at\u00e9 dano moral. Ele j\u00e1 obteve liminar para rescindir o contrato com o Galo. Hoje, defende o Coritiba.<\/strong><\/p>\n<p>Ricardo Oliveira passou a treinar \u00e0 parte no Atl\u00e9tico desde que foi comunicado pela diretoria de que n\u00e3o precisava se reapresentar ao clube, na retomada dos treinamentos, em maio, durante a pandemia da Covid-19. Na peti\u00e7\u00e3o inicial, o atacante alega que sofreu ato discriminat\u00f3rio do clube, pedindo indeniza\u00e7\u00e3o por dano moral. Ao\u00a0Sele\u00e7\u00e3o SporTV, no dia que completou 20 anos de carreira, Ricardo Oliveira falou abertamente sobre o lit\u00edgio com o Galo, e chegou a atacar a diretoria\u00a0(veja o v\u00eddeo no fim da mat\u00e9ria).<\/p>\n<p>A audi\u00eancia desta quarta-feira foi virtual e teve o ex-armador do Atl\u00e9tico, Cazares, como testemunha de Ricardo Oliveira. O equatoriano, que trocou o Galo pelo Corinthians em setembro, falou sobre a rotina no clubes desde a pandemia da Covid-19. O ex-camisa 10 n\u00e3o foi retirado da lista de jogadores do Atl\u00e9tico em maio, mas ficou igualmente fora dos planos ap\u00f3s ser diagnosticado com Covid-19, se recuperar e passar a treinar &#8220;\u00e0 parte&#8221;.<\/p>\n<p>\u201cQue atua pelo reclamado (Atl\u00e9tico) desde janeiro de 2016; que deixou de atuar pelo reclamado h\u00e1 tr\u00eas semanas, mais ou menos; que o depoente estava na lista para retorno das atividades; que todos os atletas que n\u00e3o constavam na lista n\u00e3o recebiam sal\u00e1rios; que os atletas da lista, apesar do atraso, recebiam seus sal\u00e1rios; que o depoente treinava com o grupo at\u00e9 dar positivo no Covid; que ap\u00f3s a quarentena o depoente treinava \u00e0 parte do grupo; que n\u00e3o tinha acesso \u00e0 folha de pagamento dos colegas; que o clube j\u00e1 chegou a dever tr\u00eas meses de sal\u00e1rio; que as atividades dos atletas eram repassadas pela comiss\u00e3o t\u00e9cnica; que o retorno dos atletas na pandemia foi gradual.\u201d<\/p>\n<p>O preposto do Atl\u00e9tico tamb\u00e9m prestou depoimento e deu a vers\u00e3o do clube sobre a n\u00e3o convoca\u00e7\u00e3o de Ricardo Oliveira para os treinos na Cidade do Galo:<\/p>\n<p>\u201cQue n\u00e3o teve convoca\u00e7\u00e3o do reclamante (Ricardo Oliveira) para retorno aos treinamentos; que em raz\u00e3o da pandemia o acesso \u00e0 academia e mais espa\u00e7os estavam restritos; que o atleta sem convoca\u00e7\u00e3o pode retornar ao clube, mas no momento n\u00e3o era poss\u00edvel pela pandemia; que os atletas convocados eram divididos em grupos para o treinamento; que somente entrava no clube os atletas constantes da lista; que foi passada uma rotina de trabalho para o reclamante, atrav\u00e9s de liga\u00e7\u00f5es telef\u00f4nicas; que n\u00e3o sabe precisar a data, mas os atletas foram pagos de acordo com a disponibilidade.\u201d Agora, o juiz da 27\u00aa Vara vai publicar a senten\u00e7a no prazo legal.<\/p>\n","protected":false},"excerpt":{"rendered":"<p>Concilia\u00e7\u00e3o recusada na audi\u00eancia de instru\u00e7\u00e3o entre Atl\u00e9tico-MG e Ricardo Oliveira, realizada nesta quarta-feira, na 27\u00aa Vara do Trabalho de Belo Horizonte. O\u00a0atacante acionou o clube na Justi\u00e7a do Trabalho e cobra R$ 3,7 milh\u00f5es, valor que engloba atrasos, multas e at\u00e9 dano moral. Ele j\u00e1 obteve liminar para rescindir o contrato com o Galo. Hoje, defende o Coritiba. Ricardo Oliveira passou a treinar \u00e0 parte no Atl\u00e9tico desde que foi comunicado pela diretoria de que n\u00e3o precisava se reapresentar ao clube, na retomada dos treinamentos, em maio, durante a pandemia da Covid-19. Na peti\u00e7\u00e3o inicial, o atacante alega que [&hellip;]<\/p>\n","protected":false},"author":1,"featured_media":46010,"comment_status":"open","ping_status":"open","sticky":false,"template":"","format":"standard","meta":{"_links_to":"","_links_to_target":""},"categories":[9,1],"tags":[],"views":1371,"_links":{"self":[{"href":"https:\/\/www.brazilianpress.com\/v1\/wp-json\/wp\/v2\/posts\/46009"}],"collection":[{"href":"https:\/\/www.brazilianpress.com\/v1\/wp-json\/wp\/v2\/posts"}],"about":[{"href":"https:\/\/www.brazilianpress.com\/v1\/wp-json\/wp\/v2\/types\/post"}],"author":[{"embeddable":true,"href":"https:\/\/www.brazilianpress.com\/v1\/wp-json\/wp\/v2\/users\/1"}],"replies":[{"embeddable":true,"href":"https:\/\/www.brazilianpress.com\/v1\/wp-json\/wp\/v2\/comments?post=46009"}],"version-history":[{"count":1,"href":"https:\/\/www.brazilianpress.com\/v1\/wp-json\/wp\/v2\/posts\/46009\/revisions"}],"predecessor-version":[{"id":46011,"href":"https:\/\/www.brazilianpress.com\/v1\/wp-json\/wp\/v2\/posts\/46009\/revisions\/46011"}],"wp:featuredmedia":[{"embeddable":true,"href":"https:\/\/www.brazilianpress.com\/v1\/wp-json\/wp\/v2\/media\/46010"}],"wp:attachment":[{"href":"https:\/\/www.brazilianpress.com\/v1\/wp-json\/wp\/v2\/media?parent=46009"}],"wp:term":[{"taxonomy":"category","embeddable":true,"href":"https:\/\/www.brazilianpress.com\/v1\/wp-json\/wp\/v2\/categories?post=46009"},{"taxonomy":"post_tag","embeddable":true,"href":"https:\/\/www.brazilianpress.com\/v1\/wp-json\/wp\/v2\/tags?post=46009"}],"curies":[{"name":"wp","href":"https:\/\/api.w.org\/{rel}","templated":true}]}}