{"id":46067,"date":"2020-10-28T18:19:20","date_gmt":"2020-10-28T22:19:20","guid":{"rendered":"https:\/\/www.brazilianpress.com\/v1\/?p=46067"},"modified":"2020-10-28T18:19:20","modified_gmt":"2020-10-28T22:19:20","slug":"noruega-e-alemanha-doaram-r-34-bilhoes-para-o-fundo-amazonia","status":"publish","type":"post","link":"https:\/\/www.brazilianpress.com\/v1\/2020\/10\/28\/noruega-e-alemanha-doaram-r-34-bilhoes-para-o-fundo-amazonia\/","title":{"rendered":"Noruega e Alemanha doaram R$ 3,4 bilh\u00f5es para o Fundo Amaz\u00f4nia"},"content":{"rendered":"<p><strong>Noruega e a Alemanha j\u00e1 doaram R$ 3,4 bilh\u00f5es para o Fundo Amaz\u00f4nia, criado em 2008. A informa\u00e7\u00e3o foi divulgada pelo representante do Banco Nacional de Desenvolvimento Econ\u00f4mico e Social (BNDES) que participou de uma audi\u00eancia p\u00fablica no Supremo Tribunal Federal (STF).<\/strong><\/p>\n<p>De acordo com Petr\u00f4nio Duarte Can\u00e7ado, diretor do banco, 93,8% do total dos recursos foram repassados pela Noruega, 5,7% pela Alemanha e 0,5% foram injetados pela Petrobras. O BNDES \u00e9 o gestor do fundo.<\/p>\n<p>Durante a audi\u00eancia, o diretor explicou que a institui\u00e7\u00e3o financeira faz a capta\u00e7\u00e3o dos recursos, aprova os projetos e \u00e9 respons\u00e1vel pela checagem da presta\u00e7\u00e3o de contas dos projetos que recebem os recursos.<\/p>\n<p>\u201cTodos os projetos possuem indicadores e metas pactuadas previamente. Uma vez realizado o processo de desembolso, elas s\u00e3o analisadas sistematicamente, e o fundo como um todo. Temos um apre\u00e7o muito grande por medir a efetividade das a\u00e7\u00f5es e divulgar todas as informa\u00e7\u00f5es e resultados aferidos ao longo do tempo\u201d, disse.<\/p>\n<p>Desde sexta-feira (23), o Supremo realiza uma audi\u00eancia p\u00fablica, convocada pela ministra Rosa Weber, para colher informa\u00e7\u00f5es sobre a quest\u00e3o. A ministra \u00e9 relatora de uma a\u00e7\u00e3o protocolada por partidos de oposi\u00e7\u00e3o, que alegam suposta omiss\u00e3o no gerenciamento do fundo.<\/p>\n<p>Criado em 2008, o fundo recebe doa\u00e7\u00f5es de institui\u00e7\u00f5es e governos internacionais para financiar a\u00e7\u00f5es de preven\u00e7\u00e3o e combate ao desmatamento na Amaz\u00f4nia Legal. No ano passado, a Alemanha e a Noruega suspenderam os repasses para novos projetos por n\u00e3o concordarem com as sugest\u00f5es de mudan\u00e7as feitas governo brasileiro.<\/p>\n<p>No primeiro dia da audi\u00eancia, o ministro do Meio Ambiente, Ricardo Salles, defendeu a reformula\u00e7\u00e3o do fundo.<\/p>\n<p>Com informa\u00e7\u00f5es da Ag\u00eancia Brasil<\/p>\n","protected":false},"excerpt":{"rendered":"<p>Noruega e a Alemanha j\u00e1 doaram R$ 3,4 bilh\u00f5es para o Fundo Amaz\u00f4nia, criado em 2008. A informa\u00e7\u00e3o foi divulgada pelo representante do Banco Nacional de Desenvolvimento Econ\u00f4mico e Social (BNDES) que participou de uma audi\u00eancia p\u00fablica no Supremo Tribunal Federal (STF). De acordo com Petr\u00f4nio Duarte Can\u00e7ado, diretor do banco, 93,8% do total dos recursos foram repassados pela Noruega, 5,7% pela Alemanha e 0,5% foram injetados pela Petrobras. O BNDES \u00e9 o gestor do fundo. Durante a audi\u00eancia, o diretor explicou que a institui\u00e7\u00e3o financeira faz a capta\u00e7\u00e3o dos recursos, aprova os projetos e \u00e9 respons\u00e1vel pela checagem da [&hellip;]<\/p>\n","protected":false},"author":1,"featured_media":40757,"comment_status":"open","ping_status":"open","sticky":false,"template":"","format":"standard","meta":{"_links_to":"","_links_to_target":""},"categories":[7,1],"tags":[],"views":1359,"_links":{"self":[{"href":"https:\/\/www.brazilianpress.com\/v1\/wp-json\/wp\/v2\/posts\/46067"}],"collection":[{"href":"https:\/\/www.brazilianpress.com\/v1\/wp-json\/wp\/v2\/posts"}],"about":[{"href":"https:\/\/www.brazilianpress.com\/v1\/wp-json\/wp\/v2\/types\/post"}],"author":[{"embeddable":true,"href":"https:\/\/www.brazilianpress.com\/v1\/wp-json\/wp\/v2\/users\/1"}],"replies":[{"embeddable":true,"href":"https:\/\/www.brazilianpress.com\/v1\/wp-json\/wp\/v2\/comments?post=46067"}],"version-history":[{"count":1,"href":"https:\/\/www.brazilianpress.com\/v1\/wp-json\/wp\/v2\/posts\/46067\/revisions"}],"predecessor-version":[{"id":46068,"href":"https:\/\/www.brazilianpress.com\/v1\/wp-json\/wp\/v2\/posts\/46067\/revisions\/46068"}],"wp:featuredmedia":[{"embeddable":true,"href":"https:\/\/www.brazilianpress.com\/v1\/wp-json\/wp\/v2\/media\/40757"}],"wp:attachment":[{"href":"https:\/\/www.brazilianpress.com\/v1\/wp-json\/wp\/v2\/media?parent=46067"}],"wp:term":[{"taxonomy":"category","embeddable":true,"href":"https:\/\/www.brazilianpress.com\/v1\/wp-json\/wp\/v2\/categories?post=46067"},{"taxonomy":"post_tag","embeddable":true,"href":"https:\/\/www.brazilianpress.com\/v1\/wp-json\/wp\/v2\/tags?post=46067"}],"curies":[{"name":"wp","href":"https:\/\/api.w.org\/{rel}","templated":true}]}}