{"id":46069,"date":"2020-10-28T18:40:51","date_gmt":"2020-10-28T22:40:51","guid":{"rendered":"https:\/\/www.brazilianpress.com\/v1\/?p=46069"},"modified":"2020-10-28T18:40:51","modified_gmt":"2020-10-28T22:40:51","slug":"famosos-ivete-sangalo-salvou-menino-que-se-afogava-em-praia-na-bahia","status":"publish","type":"post","link":"https:\/\/www.brazilianpress.com\/v1\/2020\/10\/28\/famosos-ivete-sangalo-salvou-menino-que-se-afogava-em-praia-na-bahia\/","title":{"rendered":"Famosos: Ivete Sangalo salvou menino que se afogava em praia na Bahia"},"content":{"rendered":"<p><strong>Ivete Sangalo agora \u00e9 hero\u00edna. A cantora salvou um menino que se afogava em uma praia da Bahia no \u00faltimo fim de semana. A hist\u00f3ria foi contada no Twitter pela tia do garoto na segunda, 26, e depois confirmada pela assessoria da artista.<\/strong><\/p>\n<p>Alice disse que entrou no mar com o namorado,\u00a0Paulo, e o sobrinho,\u00a0Miguel, em uma praia deserta e que, no momento, as \u00e1guas estavam calmas.<\/p>\n<p>\u201cDa\u00ed, percebi que a gente j\u00e1 tinha ido bastante para a esquerda, que era onde estavam as cadeiras com minha m\u00e3e e meu irm\u00e3o, nesse mesmo momento a mar\u00e9 subiu e perdemos o p\u00e9\u201d, continuou.<\/p>\n<p>Alice explicou que o namorado estava com a crian\u00e7a no colo e o levantou, para n\u00e3o engolir \u00e1gua salgada.<\/p>\n<p>\u201cEle foi tentando achar o p\u00e9 de volta e eu, nadando, achava o p\u00e9 e perdia dois segundos depois, foi tudo muito r\u00e1pido. O pior \u00e9 que est\u00e1vamos muito perto do raso, mas n\u00e3o consegu\u00edamos achar. Da\u00ed eu comecei a gritar por socorro, porque tinha gente surfando perto da gente. At\u00e9 que ouviram e vieram com umas pranchas\u201d, narrou.<\/p>\n<p>\u201cDa\u00ed uma mulher pegou ele [o sobrinho] no colo (de cima da prancha) e foi indo para o raso com ele. Quando eu cheguei l\u00e1, era nada mais, nada menos que Ivete Sangalo com meu sobrinho no colo [risos]\u201d, disse Alice.<\/p>\n<p>A tia disse que a cantora n\u00e3o quis se identificar para n\u00e3o chamar a aten\u00e7\u00e3o.<\/p>\n<p>\u201cEu falei: \u2018Ivete, \u00e9 voc\u00ea?\u2019 Da\u00ed ela nem falou nada e falou, tipo, com a voz disfar\u00e7ada pra n\u00e3o causar tumulto, acho\u201d, opinou.<\/p>\n<p>Alice chegou a ficar na d\u00favida se era realmente Ivete, mas confirmou no dia seguinte, quando a cantora publicou em seu Instagram um v\u00eddeo surfando.<\/p>\n<p>\u201cEla estava de blusa rosa neon. A\u00ed, eu n\u00e3o tinha 100% certeza de que era ela, porque estava sem maquiagem e molhada. No outro dia ela postou a foto, a\u00ed eu tive certeza\u201d, concluiu.<\/p>\n<p>A assessoria de imprensa da artista confirmou a hist\u00f3ria para a\u00a0revista Quem, mas afirmou que Ivete Sangalo n\u00e3o vai se pronunciar.<\/p>\n","protected":false},"excerpt":{"rendered":"<p>Ivete Sangalo agora \u00e9 hero\u00edna. A cantora salvou um menino que se afogava em uma praia da Bahia no \u00faltimo fim de semana. A hist\u00f3ria foi contada no Twitter pela tia do garoto na segunda, 26, e depois confirmada pela assessoria da artista. Alice disse que entrou no mar com o namorado,\u00a0Paulo, e o sobrinho,\u00a0Miguel, em uma praia deserta e que, no momento, as \u00e1guas estavam calmas. \u201cDa\u00ed, percebi que a gente j\u00e1 tinha ido bastante para a esquerda, que era onde estavam as cadeiras com minha m\u00e3e e meu irm\u00e3o, nesse mesmo momento a mar\u00e9 subiu e perdemos o [&hellip;]<\/p>\n","protected":false},"author":1,"featured_media":46070,"comment_status":"open","ping_status":"open","sticky":false,"template":"","format":"standard","meta":{"_links_to":"","_links_to_target":""},"categories":[7,1],"tags":[],"views":1469,"_links":{"self":[{"href":"https:\/\/www.brazilianpress.com\/v1\/wp-json\/wp\/v2\/posts\/46069"}],"collection":[{"href":"https:\/\/www.brazilianpress.com\/v1\/wp-json\/wp\/v2\/posts"}],"about":[{"href":"https:\/\/www.brazilianpress.com\/v1\/wp-json\/wp\/v2\/types\/post"}],"author":[{"embeddable":true,"href":"https:\/\/www.brazilianpress.com\/v1\/wp-json\/wp\/v2\/users\/1"}],"replies":[{"embeddable":true,"href":"https:\/\/www.brazilianpress.com\/v1\/wp-json\/wp\/v2\/comments?post=46069"}],"version-history":[{"count":1,"href":"https:\/\/www.brazilianpress.com\/v1\/wp-json\/wp\/v2\/posts\/46069\/revisions"}],"predecessor-version":[{"id":46071,"href":"https:\/\/www.brazilianpress.com\/v1\/wp-json\/wp\/v2\/posts\/46069\/revisions\/46071"}],"wp:featuredmedia":[{"embeddable":true,"href":"https:\/\/www.brazilianpress.com\/v1\/wp-json\/wp\/v2\/media\/46070"}],"wp:attachment":[{"href":"https:\/\/www.brazilianpress.com\/v1\/wp-json\/wp\/v2\/media?parent=46069"}],"wp:term":[{"taxonomy":"category","embeddable":true,"href":"https:\/\/www.brazilianpress.com\/v1\/wp-json\/wp\/v2\/categories?post=46069"},{"taxonomy":"post_tag","embeddable":true,"href":"https:\/\/www.brazilianpress.com\/v1\/wp-json\/wp\/v2\/tags?post=46069"}],"curies":[{"name":"wp","href":"https:\/\/api.w.org\/{rel}","templated":true}]}}