{"id":46072,"date":"2020-10-28T18:42:40","date_gmt":"2020-10-28T22:42:40","guid":{"rendered":"https:\/\/www.brazilianpress.com\/v1\/?p=46072"},"modified":"2020-10-28T18:42:40","modified_gmt":"2020-10-28T22:42:40","slug":"japao-ve-aumento-de-casos-da-doenca-que-corroi-o-cerebro","status":"publish","type":"post","link":"https:\/\/www.brazilianpress.com\/v1\/2020\/10\/28\/japao-ve-aumento-de-casos-da-doenca-que-corroi-o-cerebro\/","title":{"rendered":"Jap\u00e3o v\u00ea aumento de casos da doen\u00e7a que corr\u00f3i o c\u00e9rebro"},"content":{"rendered":"<p><strong>Uma\u00a0doen\u00e7a\u00a0considerada rara que corr\u00f3i o c\u00e9rebro de seres humanos tem crescido no\u00a0Jap\u00e3o. Pesquisadores informaram em um\u00a0estudo\u00a0publicado no peri\u00f3dico cient\u00edfico\u00a0Scientific Reports\u00a0um aumento de casos da doen\u00e7a de Creutzfeldt-Jakob, uma condi\u00e7\u00e3o cerebral degenerativa que leva a dem\u00eancia e morte. No per\u00edodo estudado, de 2005 a 2014, a taxa anual de crescimento da doen\u00e7a rara foi de cerca de 6,4%.<\/strong><\/p>\n<p>Diferentemente da covid-19, causada pelo novo\u00a0coronav\u00edrus\u00a0(SARS-CoV-2), a doen\u00e7a cerebral em ascens\u00e3o no Jap\u00e3o \u00e9 causada por um pr\u00edon, que \u00e9 uma prote\u00edna infecciosa capaz de corromper e afetar prote\u00ednas comuns, causando modifica\u00e7\u00f5es que prejudicam a sa\u00fade do ser humano. A palavra \u201cpr\u00edon\u201d \u00e9 uma abrevia\u00e7\u00e3o para part\u00edculas infecciosas proteicas com aus\u00eancia de \u00e1cidos nucl\u00e9icos, ou seja, diferentemente dos v\u00edrus, essa prote\u00edna aberrante n\u00e3o possui DNA ou RNA.<\/p>\n<p>A doen\u00e7a de Creutzfeldt-Jakob n\u00e3o possui tratamento, pode ser letal e causa sintomas como problemas de mem\u00f3ria, mudan\u00e7as comportamentais, depress\u00e3o, problemas visuais e falta de coordena\u00e7\u00e3o motora. Outro desafio no combate \u00e0 doen\u00e7a \u00e9 que o pr\u00edon causador da condi\u00e7\u00e3o n\u00e3o pode ser inativado por procedimentos conhecidos de esteriliza\u00e7\u00e3o.<\/p>\n<p>\u201cApesar de ser uma doen\u00e7a rara, o fen\u00f4meno do envelhecimento da popula\u00e7\u00e3o pode desencadear um aumento na sua incid\u00eancia e, portanto, no \u00f4nus socioecon\u00f4mico e de sa\u00fade da doen\u00e7a de Creutzfeldt-Jakob. Nosso objetivo foi analisar essas tend\u00eancias, em um esfor\u00e7o para espalhar a consci\u00eancia e estimular novas estrat\u00e9gias de tratamento \u201c, disse Yoshito Nishimura, autor do estudo, em comunicado. \u201cA doen\u00e7a de Creutzfeldt-Jakob, embora rara, ser\u00e1 mais prevalente nos pr\u00f3ximos 5 a 10 anos\u201d.<\/p>\n<p>Casos da doen\u00e7a cerebral j\u00e1 foram comunicados entre grupos que praticam canibalismo. Mas o dos pr\u00edons risco n\u00e3o \u00e9 apenas esse. Nas d\u00e9cadas de 1980 e 1990, uma variante da doen\u00e7a de Creutzfeldt-Jakob causou\u00a0175 infec\u00e7\u00f5es\u00a0no Reino Unido, depois que as v\u00edtimas comeram carne bovina infectada. A condi\u00e7\u00e3o ficou conhecida como \u201cdoen\u00e7a da vaca louca\u201d e pesquisadores acreditam que sua dissemina\u00e7\u00e3o tenha ocorrido ap\u00f3s o gado ter sido alimentado com carne e ossos com tecido cerebral infectada. Com o tempo da ci\u00eancia desalinhado da expectativa do grande p\u00fablico e uma tend\u00eancia de envelhecimento populacional de n\u00edvel global, se a pesquisa sobre a doen\u00e7a n\u00e3o avan\u00e7ar, ela pode se tornar um caso de sa\u00fade p\u00fablica em um futuro n\u00e3o muito distante.<\/p>\n","protected":false},"excerpt":{"rendered":"<p>Uma\u00a0doen\u00e7a\u00a0considerada rara que corr\u00f3i o c\u00e9rebro de seres humanos tem crescido no\u00a0Jap\u00e3o. Pesquisadores informaram em um\u00a0estudo\u00a0publicado no peri\u00f3dico cient\u00edfico\u00a0Scientific Reports\u00a0um aumento de casos da doen\u00e7a de Creutzfeldt-Jakob, uma condi\u00e7\u00e3o cerebral degenerativa que leva a dem\u00eancia e morte. No per\u00edodo estudado, de 2005 a 2014, a taxa anual de crescimento da doen\u00e7a rara foi de cerca de 6,4%. Diferentemente da covid-19, causada pelo novo\u00a0coronav\u00edrus\u00a0(SARS-CoV-2), a doen\u00e7a cerebral em ascens\u00e3o no Jap\u00e3o \u00e9 causada por um pr\u00edon, que \u00e9 uma prote\u00edna infecciosa capaz de corromper e afetar prote\u00ednas comuns, causando modifica\u00e7\u00f5es que prejudicam a sa\u00fade do ser humano. A palavra \u201cpr\u00edon\u201d \u00e9 [&hellip;]<\/p>\n","protected":false},"author":1,"featured_media":44676,"comment_status":"open","ping_status":"open","sticky":false,"template":"","format":"standard","meta":{"_links_to":"","_links_to_target":""},"categories":[8,1],"tags":[],"views":2447,"_links":{"self":[{"href":"https:\/\/www.brazilianpress.com\/v1\/wp-json\/wp\/v2\/posts\/46072"}],"collection":[{"href":"https:\/\/www.brazilianpress.com\/v1\/wp-json\/wp\/v2\/posts"}],"about":[{"href":"https:\/\/www.brazilianpress.com\/v1\/wp-json\/wp\/v2\/types\/post"}],"author":[{"embeddable":true,"href":"https:\/\/www.brazilianpress.com\/v1\/wp-json\/wp\/v2\/users\/1"}],"replies":[{"embeddable":true,"href":"https:\/\/www.brazilianpress.com\/v1\/wp-json\/wp\/v2\/comments?post=46072"}],"version-history":[{"count":1,"href":"https:\/\/www.brazilianpress.com\/v1\/wp-json\/wp\/v2\/posts\/46072\/revisions"}],"predecessor-version":[{"id":46073,"href":"https:\/\/www.brazilianpress.com\/v1\/wp-json\/wp\/v2\/posts\/46072\/revisions\/46073"}],"wp:featuredmedia":[{"embeddable":true,"href":"https:\/\/www.brazilianpress.com\/v1\/wp-json\/wp\/v2\/media\/44676"}],"wp:attachment":[{"href":"https:\/\/www.brazilianpress.com\/v1\/wp-json\/wp\/v2\/media?parent=46072"}],"wp:term":[{"taxonomy":"category","embeddable":true,"href":"https:\/\/www.brazilianpress.com\/v1\/wp-json\/wp\/v2\/categories?post=46072"},{"taxonomy":"post_tag","embeddable":true,"href":"https:\/\/www.brazilianpress.com\/v1\/wp-json\/wp\/v2\/tags?post=46072"}],"curies":[{"name":"wp","href":"https:\/\/api.w.org\/{rel}","templated":true}]}}