{"id":46083,"date":"2020-10-29T10:45:31","date_gmt":"2020-10-29T14:45:31","guid":{"rendered":"https:\/\/www.brazilianpress.com\/v1\/?p=46083"},"modified":"2020-10-29T10:45:31","modified_gmt":"2020-10-29T14:45:31","slug":"atencao-mudanca-no-horario-de-verao-dos-estados-unidos","status":"publish","type":"post","link":"https:\/\/www.brazilianpress.com\/v1\/2020\/10\/29\/atencao-mudanca-no-horario-de-verao-dos-estados-unidos\/","title":{"rendered":"Aten\u00e7\u00e3o: Mudan\u00e7a no Hor\u00e1rio de Ver\u00e3o dos Estados Unidos"},"content":{"rendered":"<p><strong>A mudan\u00e7a seguinte (ao hor\u00e1rio de Inverno ) verificar-se-\u00e1: no dia 1 de novembro de 2020, \u00e0s 2h00 da manh\u00e3 o rel\u00f3gio mudar\u00e1 para 1h00 da manh\u00e3.<\/strong><\/p>\n<p><img loading=\"lazy\" class=\"alignnone size-full wp-image-38005\" src=\"https:\/\/www.brazilianpress.com\/v1\/wp-content\/uploads\/2019\/02\/horario-de-verao.jpg\" alt=\"\" width=\"650\" height=\"316\" srcset=\"https:\/\/www.brazilianpress.com\/v1\/wp-content\/uploads\/2019\/02\/horario-de-verao.jpg 650w, https:\/\/www.brazilianpress.com\/v1\/wp-content\/uploads\/2019\/02\/horario-de-verao-300x146.jpg 300w\" sizes=\"(max-width: 650px) 100vw, 650px\" \/><\/p>\n","protected":false},"excerpt":{"rendered":"<p>A mudan\u00e7a seguinte (ao hor\u00e1rio de Inverno ) verificar-se-\u00e1: no dia 1 de novembro de 2020, \u00e0s 2h00 da manh\u00e3 o rel\u00f3gio mudar\u00e1 para 1h00 da manh\u00e3.<\/p>\n","protected":false},"author":1,"featured_media":43393,"comment_status":"open","ping_status":"open","sticky":false,"template":"","format":"standard","meta":{"_links_to":"","_links_to_target":""},"categories":[3,10],"tags":[],"views":1633,"_links":{"self":[{"href":"https:\/\/www.brazilianpress.com\/v1\/wp-json\/wp\/v2\/posts\/46083"}],"collection":[{"href":"https:\/\/www.brazilianpress.com\/v1\/wp-json\/wp\/v2\/posts"}],"about":[{"href":"https:\/\/www.brazilianpress.com\/v1\/wp-json\/wp\/v2\/types\/post"}],"author":[{"embeddable":true,"href":"https:\/\/www.brazilianpress.com\/v1\/wp-json\/wp\/v2\/users\/1"}],"replies":[{"embeddable":true,"href":"https:\/\/www.brazilianpress.com\/v1\/wp-json\/wp\/v2\/comments?post=46083"}],"version-history":[{"count":1,"href":"https:\/\/www.brazilianpress.com\/v1\/wp-json\/wp\/v2\/posts\/46083\/revisions"}],"predecessor-version":[{"id":46084,"href":"https:\/\/www.brazilianpress.com\/v1\/wp-json\/wp\/v2\/posts\/46083\/revisions\/46084"}],"wp:featuredmedia":[{"embeddable":true,"href":"https:\/\/www.brazilianpress.com\/v1\/wp-json\/wp\/v2\/media\/43393"}],"wp:attachment":[{"href":"https:\/\/www.brazilianpress.com\/v1\/wp-json\/wp\/v2\/media?parent=46083"}],"wp:term":[{"taxonomy":"category","embeddable":true,"href":"https:\/\/www.brazilianpress.com\/v1\/wp-json\/wp\/v2\/categories?post=46083"},{"taxonomy":"post_tag","embeddable":true,"href":"https:\/\/www.brazilianpress.com\/v1\/wp-json\/wp\/v2\/tags?post=46083"}],"curies":[{"name":"wp","href":"https:\/\/api.w.org\/{rel}","templated":true}]}}