{"id":46096,"date":"2020-10-30T09:46:01","date_gmt":"2020-10-30T13:46:01","guid":{"rendered":"https:\/\/www.brazilianpress.com\/v1\/?p=46096"},"modified":"2020-10-30T09:46:01","modified_gmt":"2020-10-30T13:46:01","slug":"independente-do-status-de-imigracao-nova-diretriz-de-nj-exige-protecao-para-trabalhadores","status":"publish","type":"post","link":"https:\/\/www.brazilianpress.com\/v1\/2020\/10\/30\/independente-do-status-de-imigracao-nova-diretriz-de-nj-exige-protecao-para-trabalhadores\/","title":{"rendered":"Independente do status de imigra\u00e7\u00e3o nova diretriz de NJ exige prote\u00e7\u00e3o para trabalhadores"},"content":{"rendered":"<p><strong>Como novos casos de COVID-19 continuam a aumentar em todo o estado, New Jersey agora exige que as empresas p\u00fablicas e privadas implementem padr\u00f5es uniformes de sa\u00fade e seguran\u00e7a para proteger todos os trabalhadores contra o coronav\u00edrus, independentemente do status de imigra\u00e7\u00e3o.\u00a0<\/strong><\/p>\n<p>O governador Phil Murphy assinou uma ordem executiva na quarta-feira exigindo que os empregadores sigam os protocolos a partir de 5 de novembro.<\/p>\n<p><strong>AS DIRETRIZES EXIGIR\u00c3O O SEGUINTE:<\/strong><\/p>\n<ul>\n<li>Os trabalhadores devem manter-se a pelo menos 6 p\u00e9s um do outro &#8220;o m\u00e1ximo poss\u00edvel&#8221;.<\/li>\n<li>Trabalhadores e visitantes devem usar m\u00e1scara facial, com exce\u00e7\u00f5es limitadas.<\/li>\n<li>Os empregadores fornecer\u00e3o m\u00e1scaras aos trabalhadores \u00e0s custas da empresa.<\/li>\n<li>Os empregadores devem fornecer aos trabalhadores, clientes e visitantes materiais desinfetantes \u00e0s custas da empresa.<\/li>\n<li>Os empregadores s\u00e3o obrigados a realizar verifica\u00e7\u00f5es di\u00e1rias de sa\u00fade dos trabalhadores, como testes de temperatura, verifica\u00e7\u00f5es de sintomas e muito mais.<\/li>\n<li>Os empregadores devem notificar os trabalhadores quando houver poss\u00edvel exposi\u00e7\u00e3o ao v\u00edrus.<\/li>\n<li>Os empregadores devem proporcionar aos trabalhadores intervalos durante o dia para lavar as m\u00e3os.<\/li>\n<li>Os empregadores devem garantir a limpeza e desinfec\u00e7\u00e3o de rotina das \u00e1reas comuns com base nas diretrizes estaduais e federais.<\/li>\n<\/ul>\n<p>&#8220;Vamos garantir que todos os trabalhadores tenham o mesmo leque de prote\u00e7\u00e3o&#8221;, disse Murphy durante um evento virtual do Facebook Live. Segundo a ordem, o Departamento de Trabalho do estado tamb\u00e9m criar\u00e1 um formul\u00e1rio de reclama\u00e7\u00e3o online para os trabalhadores. Al\u00e9m disso, a ag\u00eancia ir\u00e1 colaborar com o Departamento de Sa\u00fade do estado para criar protocolos de investiga\u00e7\u00e3o. A ordem tamb\u00e9m pede ao Departamento do Trabalho para fornecer treinamento de conformidade em todas as empresas no estado.\u00a0 Murphy disse que seu governo precisa criar padr\u00f5es locais, uma vez que o governo federal n\u00e3o estabeleceu diretrizes nacionais.<\/p>\n<p>O governador assinou a ordem executiva ap\u00f3s uma campanha de seis meses da Protect NJ Workers Coalition, composta por ativistas, trabalhadores, organiza\u00e7\u00f5es comunit\u00e1rias e sindicatos focados em instar Murphy a tomar medidas para proteger todos os trabalhadores, independentemente de seu status de imigra\u00e7\u00e3o.\u00a0 \u201cComo uma trabalhadora essencial que adoeceu durante a pandemia e perdeu o emprego, sei em primeira m\u00e3o a import\u00e2ncia de uma prote\u00e7\u00e3o forte para os trabalhadores\u201d, disse Tania Gonz\u00e1lez, membro da Make the Road New Jersey.<\/p>\n<p>\u201cO empregador n\u00e3o me deu nenhum equipamento de prote\u00e7\u00e3o e n\u00e3o cumpriu os protocolos de distanciamento f\u00edsico.\u00a0Os padr\u00f5es salvam vidas &#8220;, acrescentou.\u00a0Na quarta-feira, autoridades estaduais anunciaram mais 1.682 testes positivos e mais 14 mortes, al\u00e9m de 1.010 pacientes hospitalizados com casos confirmados ou suspeitos. Isso marca o 11\u00ba dia consecutivo de mais de 1.000 novos casos e, pela primeira vez desde o in\u00edcio de julho, mais de 1.000 pacientes com COVID-19 foram hospitalizados.<\/p>\n","protected":false},"excerpt":{"rendered":"<p>Como novos casos de COVID-19 continuam a aumentar em todo o estado, New Jersey agora exige que as empresas p\u00fablicas e privadas implementem padr\u00f5es uniformes de sa\u00fade e seguran\u00e7a para proteger todos os trabalhadores contra o coronav\u00edrus, independentemente do status de imigra\u00e7\u00e3o.\u00a0 O governador Phil Murphy assinou uma ordem executiva na quarta-feira exigindo que os empregadores sigam os protocolos a partir de 5 de novembro. AS DIRETRIZES EXIGIR\u00c3O O SEGUINTE: Os trabalhadores devem manter-se a pelo menos 6 p\u00e9s um do outro &#8220;o m\u00e1ximo poss\u00edvel&#8221;. Trabalhadores e visitantes devem usar m\u00e1scara facial, com exce\u00e7\u00f5es limitadas. Os empregadores fornecer\u00e3o m\u00e1scaras aos [&hellip;]<\/p>\n","protected":false},"author":1,"featured_media":45026,"comment_status":"open","ping_status":"open","sticky":false,"template":"","format":"standard","meta":{"_links_to":"","_links_to_target":""},"categories":[4,3,1],"tags":[],"views":1027,"_links":{"self":[{"href":"https:\/\/www.brazilianpress.com\/v1\/wp-json\/wp\/v2\/posts\/46096"}],"collection":[{"href":"https:\/\/www.brazilianpress.com\/v1\/wp-json\/wp\/v2\/posts"}],"about":[{"href":"https:\/\/www.brazilianpress.com\/v1\/wp-json\/wp\/v2\/types\/post"}],"author":[{"embeddable":true,"href":"https:\/\/www.brazilianpress.com\/v1\/wp-json\/wp\/v2\/users\/1"}],"replies":[{"embeddable":true,"href":"https:\/\/www.brazilianpress.com\/v1\/wp-json\/wp\/v2\/comments?post=46096"}],"version-history":[{"count":1,"href":"https:\/\/www.brazilianpress.com\/v1\/wp-json\/wp\/v2\/posts\/46096\/revisions"}],"predecessor-version":[{"id":46097,"href":"https:\/\/www.brazilianpress.com\/v1\/wp-json\/wp\/v2\/posts\/46096\/revisions\/46097"}],"wp:featuredmedia":[{"embeddable":true,"href":"https:\/\/www.brazilianpress.com\/v1\/wp-json\/wp\/v2\/media\/45026"}],"wp:attachment":[{"href":"https:\/\/www.brazilianpress.com\/v1\/wp-json\/wp\/v2\/media?parent=46096"}],"wp:term":[{"taxonomy":"category","embeddable":true,"href":"https:\/\/www.brazilianpress.com\/v1\/wp-json\/wp\/v2\/categories?post=46096"},{"taxonomy":"post_tag","embeddable":true,"href":"https:\/\/www.brazilianpress.com\/v1\/wp-json\/wp\/v2\/tags?post=46096"}],"curies":[{"name":"wp","href":"https:\/\/api.w.org\/{rel}","templated":true}]}}