{"id":46115,"date":"2020-11-02T10:08:34","date_gmt":"2020-11-02T14:08:34","guid":{"rendered":"https:\/\/www.brazilianpress.com\/v1\/?p=46115"},"modified":"2020-11-02T10:08:34","modified_gmt":"2020-11-02T14:08:34","slug":"luto-no-brasil-morre-tom-veiga-o-louro-jose-da-rede-globo-vitima-de-avc","status":"publish","type":"post","link":"https:\/\/www.brazilianpress.com\/v1\/2020\/11\/02\/luto-no-brasil-morre-tom-veiga-o-louro-jose-da-rede-globo-vitima-de-avc\/","title":{"rendered":"Luto no Brasil: Morre Tom Veiga, o &#8220;Louro Jos\u00e9&#8221; da Rede Globo, v\u00edtima de AVC"},"content":{"rendered":"<p><strong>O ator e humorista Tom Veiga, int\u00e9rprete do Louro Jos\u00e9, morreu em decorr\u00eancia de um Acidente Vascular Cerebral (AVC) hemorr\u00e1gico, provocado por um aneurisma. \u00c9 o que aponta o laudo do Instituto M\u00e9dico-Legal ao qual a Globo teve acesso na manh\u00e3 desta segunda-feira (2).<\/strong><\/p>\n<p>O AVC hemorr\u00e1gico acontece quando um vaso sangu\u00edneo &#8211; veia ou art\u00e9ria &#8211; se rompe dentro do c\u00e9rebro, extravasando sangue. O exame de necropsia revelou que ele j\u00e1 estava acometido por um aneurisma cerebral, que \u00e9 um tipo de incha\u00e7o de vaso sangu\u00edneo cujo rompimento costuma ser fatal. Geralmente, um aneurisma n\u00e3o provoca nenhum tipo de sintoma, o que dificulta diagn\u00f3stico precoce e tratamento eficaz.<\/p>\n<p><img src=\"https:\/\/s2.glbimg.com\/tXrbnMRozVuWY4g1I12YNoxl3Do=\/0x0:5472x3648\/1008x0\/smart\/filters:strip_icc()\/i.s3.glbimg.com\/v1\/AUTH_59edd422c0c84a879bd37670ae4f538a\/internal_photos\/bs\/2020\/c\/b\/mQDzsHR4S5iM1xnFje4w\/tom.jpg\" alt=\"Tom Veiga em depoimento ao Mem\u00f3ria Globo, 2019 \u2014 Foto: Fabr\u00edcio Mota\/Globo\" \/><\/p>\n<p>Tom Veiga foi encontrado morto neste domingo (1) dentro do seu apartamento, na Barra da Tijuca, Zona Oeste do Rio. Ele tinha 47 anos e deixou quatro filhos. A causa da morte de Veiga foi divulgada durante o programa Mais Voc\u00ea. A apresentadora Ana Maria Braga fez quest\u00e3o de apresentar o programa ao vivo nesta segunda-feira para homenagear o companheiro de bancada. &#8220;Por mais que minha produ\u00e7\u00e3o e a dire\u00e7\u00e3o da casa estivesse preocupada comigo hoje, aqui, eu n\u00e3o poderia deixar de estar aqui, mo\u00edda por dentro, e deixar todos os que amam o Louro sem essa \u00faltima homenagem&#8221;, disse Ana Maria na abertura do programa.<\/p>\n<p><img src=\"https:\/\/s2.glbimg.com\/j5MykaG8a-JJPAmtyPjucla5_RI=\/0x0:1920x1080\/984x0\/smart\/filters:strip_icc()\/i.s3.glbimg.com\/v1\/AUTH_59edd422c0c84a879bd37670ae4f538a\/internal_photos\/bs\/2020\/O\/z\/HXGN62SJKmAjZ0Ahs7Kg\/frame-03-49-35.833.jpg\" alt=\"Ana Maria Braga apresentou o Mais Voc\u00ea ao vivo nesta segunda-feira (2) para homenagear o amigo morto na v\u00e9spera \u2014 Foto: Reprodu\u00e7\u00e3o\/TV Globo\" \/><\/p>\n<p>Ana enfatizou o quanto a morte de Veiga a deixou abalada, tamanha a perda que representa para ela. &#8220;Eu fiquei pensando como eu ia conseguir chegar aqui e falar bom dia para voc\u00eas, porque d\u00f3i muito. Assim como uma m\u00e3e perde um filho, um companheiro, porque filho da gente \u00e9 um companheiro que voc\u00ea viu nascer e ele era isso&#8221;, disse.<\/p>\n<p><strong>25 anos de Louro Jos\u00e9<\/strong><\/p>\n<p>Veiga trabalhou no &#8220;Mais Voc\u00ea&#8221; desde a estreia do programa, em 1999. Respons\u00e1vel pela voz e pela manipula\u00e7\u00e3o do Louro Jos\u00e9 desde que o personagem foi criado, em 1996, ficou conhecido pelas tiradas de humor. &#8220;O Louro Jos\u00e9 \u00e9 encrenqueiro, rabugento, chavequeiro, galanteador, mas \u00e9 muito divertido, inteligente. \u00c0s vezes, quando eu revejo um programa, eu me pego dando risada. Eu dou risada com o Louro. O legal na personalidade dele \u00e9 que cresceu, mas continua uma grande crian\u00e7a&#8221;, disse Veiga em depoimento ao site Mem\u00f3ria Globo.<\/p>\n<p><img src=\"https:\/\/s2.glbimg.com\/N31hk5dpPPDhUm7xSKxBEdXGp70=\/0x0:750x737\/984x0\/smart\/filters:strip_icc()\/i.s3.glbimg.com\/v1\/AUTH_59edd422c0c84a879bd37670ae4f538a\/internal_photos\/bs\/2020\/Y\/B\/OB7eupQlaqU6ytXF3qiQ\/866f4fba-49e7-49f1-973b-63358f111f03.jpg\" alt=\"Ana Maria Braga e Tom Veiga \u2014 Foto: Reprodu\u00e7\u00e3o\/Instagram\/Tom Veiga\" \/><\/p>\n","protected":false},"excerpt":{"rendered":"<p>O ator e humorista Tom Veiga, int\u00e9rprete do Louro Jos\u00e9, morreu em decorr\u00eancia de um Acidente Vascular Cerebral (AVC) hemorr\u00e1gico, provocado por um aneurisma. \u00c9 o que aponta o laudo do Instituto M\u00e9dico-Legal ao qual a Globo teve acesso na manh\u00e3 desta segunda-feira (2). O AVC hemorr\u00e1gico acontece quando um vaso sangu\u00edneo &#8211; veia ou art\u00e9ria &#8211; se rompe dentro do c\u00e9rebro, extravasando sangue. O exame de necropsia revelou que ele j\u00e1 estava acometido por um aneurisma cerebral, que \u00e9 um tipo de incha\u00e7o de vaso sangu\u00edneo cujo rompimento costuma ser fatal. Geralmente, um aneurisma n\u00e3o provoca nenhum tipo de [&hellip;]<\/p>\n","protected":false},"author":1,"featured_media":46116,"comment_status":"open","ping_status":"open","sticky":false,"template":"","format":"standard","meta":{"_links_to":"","_links_to_target":""},"categories":[7,3,1],"tags":[],"views":1817,"_links":{"self":[{"href":"https:\/\/www.brazilianpress.com\/v1\/wp-json\/wp\/v2\/posts\/46115"}],"collection":[{"href":"https:\/\/www.brazilianpress.com\/v1\/wp-json\/wp\/v2\/posts"}],"about":[{"href":"https:\/\/www.brazilianpress.com\/v1\/wp-json\/wp\/v2\/types\/post"}],"author":[{"embeddable":true,"href":"https:\/\/www.brazilianpress.com\/v1\/wp-json\/wp\/v2\/users\/1"}],"replies":[{"embeddable":true,"href":"https:\/\/www.brazilianpress.com\/v1\/wp-json\/wp\/v2\/comments?post=46115"}],"version-history":[{"count":1,"href":"https:\/\/www.brazilianpress.com\/v1\/wp-json\/wp\/v2\/posts\/46115\/revisions"}],"predecessor-version":[{"id":46117,"href":"https:\/\/www.brazilianpress.com\/v1\/wp-json\/wp\/v2\/posts\/46115\/revisions\/46117"}],"wp:featuredmedia":[{"embeddable":true,"href":"https:\/\/www.brazilianpress.com\/v1\/wp-json\/wp\/v2\/media\/46116"}],"wp:attachment":[{"href":"https:\/\/www.brazilianpress.com\/v1\/wp-json\/wp\/v2\/media?parent=46115"}],"wp:term":[{"taxonomy":"category","embeddable":true,"href":"https:\/\/www.brazilianpress.com\/v1\/wp-json\/wp\/v2\/categories?post=46115"},{"taxonomy":"post_tag","embeddable":true,"href":"https:\/\/www.brazilianpress.com\/v1\/wp-json\/wp\/v2\/tags?post=46115"}],"curies":[{"name":"wp","href":"https:\/\/api.w.org\/{rel}","templated":true}]}}