{"id":46127,"date":"2020-11-03T16:46:41","date_gmt":"2020-11-03T20:46:41","guid":{"rendered":"https:\/\/www.brazilianpress.com\/v1\/?p=46127"},"modified":"2020-11-03T16:46:41","modified_gmt":"2020-11-03T20:46:41","slug":"brasil-e-eua-manterao-as-mesmas-ligacoes-em-caso-de-vitoria-de-biden-diz-mourao","status":"publish","type":"post","link":"https:\/\/www.brazilianpress.com\/v1\/2020\/11\/03\/brasil-e-eua-manterao-as-mesmas-ligacoes-em-caso-de-vitoria-de-biden-diz-mourao\/","title":{"rendered":"Brasil e EUA manter\u00e3o &#8216;as mesmas liga\u00e7\u00f5es&#8217; em caso de vit\u00f3ria de Biden, diz Mour\u00e3o"},"content":{"rendered":"<p><strong>O vice-presidente Hamilton Mour\u00e3o afirmou nesta ter\u00e7a-feira (3) que Brasil e Estados Unidos manter\u00e3o as \u201cmesmas liga\u00e7\u00f5es\u201d em caso de vit\u00f3ria do candidato democrata Joe Biden na corrida presidencial norte-americana. Mour\u00e3o comentou a expectativa para o resultado da elei\u00e7\u00e3o nos EUA, realizada nesta ter\u00e7a.<\/strong><\/p>\n<p>O atual presidente Donald Trump, candidato republicano, tenta a reelei\u00e7\u00e3o e conta com a torcida do presidente do Brasil, Jair Bolsonaro. Mour\u00e3o foi questionado sobre a expectativa diante da possibilidade de vit\u00f3ria de Biden, apontado por pesquisas como favorito. Segundo o vice-presidente, Brasil e EUA t\u00eam uma rela\u00e7\u00e3o institucional.<\/p>\n<p><img src=\"https:\/\/ichef.bbci.co.uk\/news\/1024\/cpsprodpb\/16A8B\/production\/_115211829_biden_trump_header_2_getty.jpg\" alt=\"US Election 2020: Could Trump contest the result and other questions  answered - BBC News\" \/><\/p>\n<p>&#8220;O relacionamento do Brasil com os EUA \u00e9 um relacionamento de Estado para Estado, independente do governo que tiver l\u00e1. \u00d3bvio que cada governo tem suas prioridades, tem suas caracter\u00edsticas. Ent\u00e3o, pode ter algumas mudan\u00e7as pontuais, mas no conjunto da obra n\u00f3s vamos continuar com a mesma, vamos dizer assim, com as mesmas liga\u00e7\u00f5es&#8221;, disse Mour\u00e3o. Mour\u00e3o foi indagado sobre a torcida de Bolsonaro a favor de Trump. Para ele, trata-se de \u201copini\u00e3o pessoal\u201d do presidente brasileiro. &#8220;Opini\u00e3o pessoal dele, se bem que, quando o presidente fala, ele fala por todos do governo&#8221;, disse.<\/p>\n<p>Caso a elei\u00e7\u00e3o nos EUA termine em uma disputa judicial \u2014 Donald Trump amea\u00e7a questionar o resultado do pleito \u2014, Mour\u00e3o defende que o Brasil mantenha uma posi\u00e7\u00e3o \u201cneutra\u201d. &#8220;N\u00e3o temos nada a ver com as quest\u00f5es internas americanas. Isso est\u00e1 escrito, \u00e9 princ\u00edpio constitucional nosso. A gente n\u00e3o admite inger\u00eancia nos nossos assuntos internos e tamb\u00e9m n\u00e3o fazemos com os assuntos internos dos outros&#8221;, declarou.<\/p>\n<p><img src=\"https:\/\/www.redebrasilatual.com.br\/wp-content\/uploads\/2020\/10\/trump-bolsonaro.jpg\" alt=\"Trump e Bolsonaro 'desmontaram' combate \u00e0 covid-19 na Am\u00e9rica Latina, diz  'New York Times' - Rede Brasil Atual\" \/><\/p>\n<p><strong>Meio ambiente<\/strong><\/p>\n<p>Mour\u00e3o foi questionado sobre como ficaria a rela\u00e7\u00e3o com os EUA na \u00e1rea ambiental, j\u00e1 que o vice-presidente comanda o Conselho Nacional da Amaz\u00f4nia Legal. Em um dos debates, Biden mencionou a destrui\u00e7\u00e3o da floresta ao criticar Trump. O democrata acusou Trump de n\u00e3o usar a influ\u00eancia para ajudar a defender a natureza e declarou que, caso eleito, tentar\u00e1 reunir outros pa\u00edses para agir nesse sentido, inclusive amea\u00e7ando o Brasil economicamente. Para Mour\u00e3o, a equipe de Biden pode ter &#8220;a\u00e7\u00e3o mais incisiva&#8221; na quest\u00e3o ambiental. Por\u00e9m, afirmou, os EUA deveriam resolver primeiros os seus &#8220;problemas&#8221; na \u00e1rea. &#8220;Acho que pode ser que a equipe dele tenha mais, vamos dizer, uma a\u00e7\u00e3o mais incisiva, mas vamos lembrar que os EUA s\u00e3o um dos pa\u00edses que mais emitem g\u00e1s carb\u00f4nico no mundo. Primeiro t\u00eam que resolver os problemas deles para depois vir para os nossos&#8221;, disse Mour\u00e3o.<\/p>\n","protected":false},"excerpt":{"rendered":"<p>O vice-presidente Hamilton Mour\u00e3o afirmou nesta ter\u00e7a-feira (3) que Brasil e Estados Unidos manter\u00e3o as \u201cmesmas liga\u00e7\u00f5es\u201d em caso de vit\u00f3ria do candidato democrata Joe Biden na corrida presidencial norte-americana. Mour\u00e3o comentou a expectativa para o resultado da elei\u00e7\u00e3o nos EUA, realizada nesta ter\u00e7a. O atual presidente Donald Trump, candidato republicano, tenta a reelei\u00e7\u00e3o e conta com a torcida do presidente do Brasil, Jair Bolsonaro. Mour\u00e3o foi questionado sobre a expectativa diante da possibilidade de vit\u00f3ria de Biden, apontado por pesquisas como favorito. Segundo o vice-presidente, Brasil e EUA t\u00eam uma rela\u00e7\u00e3o institucional. &#8220;O relacionamento do Brasil com os EUA [&hellip;]<\/p>\n","protected":false},"author":1,"featured_media":46128,"comment_status":"open","ping_status":"open","sticky":false,"template":"","format":"standard","meta":{"_links_to":"","_links_to_target":""},"categories":[7,3,1],"tags":[],"views":1457,"_links":{"self":[{"href":"https:\/\/www.brazilianpress.com\/v1\/wp-json\/wp\/v2\/posts\/46127"}],"collection":[{"href":"https:\/\/www.brazilianpress.com\/v1\/wp-json\/wp\/v2\/posts"}],"about":[{"href":"https:\/\/www.brazilianpress.com\/v1\/wp-json\/wp\/v2\/types\/post"}],"author":[{"embeddable":true,"href":"https:\/\/www.brazilianpress.com\/v1\/wp-json\/wp\/v2\/users\/1"}],"replies":[{"embeddable":true,"href":"https:\/\/www.brazilianpress.com\/v1\/wp-json\/wp\/v2\/comments?post=46127"}],"version-history":[{"count":1,"href":"https:\/\/www.brazilianpress.com\/v1\/wp-json\/wp\/v2\/posts\/46127\/revisions"}],"predecessor-version":[{"id":46129,"href":"https:\/\/www.brazilianpress.com\/v1\/wp-json\/wp\/v2\/posts\/46127\/revisions\/46129"}],"wp:featuredmedia":[{"embeddable":true,"href":"https:\/\/www.brazilianpress.com\/v1\/wp-json\/wp\/v2\/media\/46128"}],"wp:attachment":[{"href":"https:\/\/www.brazilianpress.com\/v1\/wp-json\/wp\/v2\/media?parent=46127"}],"wp:term":[{"taxonomy":"category","embeddable":true,"href":"https:\/\/www.brazilianpress.com\/v1\/wp-json\/wp\/v2\/categories?post=46127"},{"taxonomy":"post_tag","embeddable":true,"href":"https:\/\/www.brazilianpress.com\/v1\/wp-json\/wp\/v2\/tags?post=46127"}],"curies":[{"name":"wp","href":"https:\/\/api.w.org\/{rel}","templated":true}]}}