{"id":46165,"date":"2020-11-06T11:31:26","date_gmt":"2020-11-06T15:31:26","guid":{"rendered":"https:\/\/www.brazilianpress.com\/v1\/?p=46165"},"modified":"2020-11-06T11:31:26","modified_gmt":"2020-11-06T15:31:26","slug":"quase-1-000-migrantes-desaparecem-todos-os-meses-no-mexico","status":"publish","type":"post","link":"https:\/\/www.brazilianpress.com\/v1\/2020\/11\/06\/quase-1-000-migrantes-desaparecem-todos-os-meses-no-mexico\/","title":{"rendered":"Quase 1.000 migrantes desaparecem todos os meses no M\u00e9xico"},"content":{"rendered":"<p><strong>A dura realidade atingiu Jos\u00e9 Alexis assim que deixou o centro de deten\u00e7\u00e3o dos Estados Unidos, onde estava h\u00e1 tr\u00eas meses. Seu primo e cunhado desapareceram enquanto tentava chegar \u00e0 fronteira e seu primo foi encontrado morto. &#8220;Ele tinha golpes, tinha golpes no pesco\u00e7o&#8221;, disse Jos\u00e9 Alexis.<\/strong><\/p>\n<p>Os tr\u00eas sa\u00edram de El Salvador com a inten\u00e7\u00e3o de chegar aos Estados Unidos. J\u00e1 no M\u00e9xico, Jos\u00e9 Alexis se separou deles e isso o salvou de viver como muitos migrantes ao viajar por este territ\u00f3rio: desaparecer sem deixar rastros. \u201cH\u00e1 centenas e milhares deles perdidos,\u00a0n\u00e3o posso dizer um n\u00famero &#8220;, disse Luis Garc\u00eda Villagr\u00e1n, um ativista.<\/p>\n<p>Ele confirma que todos os dias pelo menos 30 homens, mulheres e crian\u00e7as que se deslocam pelo M\u00e9xico depois de seus sonhos, desaparecem e n\u00e3o s\u00e3o mais ouvidos. \u201cOs criminosos por tr\u00e1s de tudo isso sabem perfeitamente disso, os traficantes, os coiotes, as autoridades envolvidas sabem perfeitamente\u201d, diz Garc\u00eda Villagr\u00e1n.<\/p>\n<p>Nem as autoridades mexicanas nem os ativistas t\u00eam um n\u00famero exato de casos registrados nessas estradas, porque a maioria deles n\u00e3o \u00e9 notificada. O \u00fanico registro de sua aus\u00eancia s\u00e3o as marchas de m\u00e3es e fam\u00edlias procurando desesperadamente por uma pista pr\u00f3pria. Com suas fotos a tiracolo, a cada ano eles cruzam o pa\u00eds pedindo para serem encontrados, mas suas vozes se perdem no M\u00e9xico, assim como seus entes queridos.<\/p>\n","protected":false},"excerpt":{"rendered":"<p>A dura realidade atingiu Jos\u00e9 Alexis assim que deixou o centro de deten\u00e7\u00e3o dos Estados Unidos, onde estava h\u00e1 tr\u00eas meses. Seu primo e cunhado desapareceram enquanto tentava chegar \u00e0 fronteira e seu primo foi encontrado morto. &#8220;Ele tinha golpes, tinha golpes no pesco\u00e7o&#8221;, disse Jos\u00e9 Alexis. Os tr\u00eas sa\u00edram de El Salvador com a inten\u00e7\u00e3o de chegar aos Estados Unidos. J\u00e1 no M\u00e9xico, Jos\u00e9 Alexis se separou deles e isso o salvou de viver como muitos migrantes ao viajar por este territ\u00f3rio: desaparecer sem deixar rastros. \u201cH\u00e1 centenas e milhares deles perdidos,\u00a0n\u00e3o posso dizer um n\u00famero &#8220;, disse Luis [&hellip;]<\/p>\n","protected":false},"author":1,"featured_media":46166,"comment_status":"open","ping_status":"open","sticky":false,"template":"","format":"standard","meta":{"_links_to":"","_links_to_target":""},"categories":[4,3,1],"tags":[],"views":1093,"_links":{"self":[{"href":"https:\/\/www.brazilianpress.com\/v1\/wp-json\/wp\/v2\/posts\/46165"}],"collection":[{"href":"https:\/\/www.brazilianpress.com\/v1\/wp-json\/wp\/v2\/posts"}],"about":[{"href":"https:\/\/www.brazilianpress.com\/v1\/wp-json\/wp\/v2\/types\/post"}],"author":[{"embeddable":true,"href":"https:\/\/www.brazilianpress.com\/v1\/wp-json\/wp\/v2\/users\/1"}],"replies":[{"embeddable":true,"href":"https:\/\/www.brazilianpress.com\/v1\/wp-json\/wp\/v2\/comments?post=46165"}],"version-history":[{"count":1,"href":"https:\/\/www.brazilianpress.com\/v1\/wp-json\/wp\/v2\/posts\/46165\/revisions"}],"predecessor-version":[{"id":46167,"href":"https:\/\/www.brazilianpress.com\/v1\/wp-json\/wp\/v2\/posts\/46165\/revisions\/46167"}],"wp:featuredmedia":[{"embeddable":true,"href":"https:\/\/www.brazilianpress.com\/v1\/wp-json\/wp\/v2\/media\/46166"}],"wp:attachment":[{"href":"https:\/\/www.brazilianpress.com\/v1\/wp-json\/wp\/v2\/media?parent=46165"}],"wp:term":[{"taxonomy":"category","embeddable":true,"href":"https:\/\/www.brazilianpress.com\/v1\/wp-json\/wp\/v2\/categories?post=46165"},{"taxonomy":"post_tag","embeddable":true,"href":"https:\/\/www.brazilianpress.com\/v1\/wp-json\/wp\/v2\/tags?post=46165"}],"curies":[{"name":"wp","href":"https:\/\/api.w.org\/{rel}","templated":true}]}}