{"id":46174,"date":"2020-11-06T17:26:51","date_gmt":"2020-11-06T21:26:51","guid":{"rendered":"https:\/\/www.brazilianpress.com\/v1\/?p=46174"},"modified":"2020-11-06T17:26:51","modified_gmt":"2020-11-06T21:26:51","slug":"william-pottker-e-registrado-no-bid-e-fica-a-disposicao-do-cruzeiro-para-duelo-com-botafogo-sp","status":"publish","type":"post","link":"https:\/\/www.brazilianpress.com\/v1\/2020\/11\/06\/william-pottker-e-registrado-no-bid-e-fica-a-disposicao-do-cruzeiro-para-duelo-com-botafogo-sp\/","title":{"rendered":"William Pottker \u00e9 registrado no BID e fica \u00e0 disposi\u00e7\u00e3o do Cruzeiro para duelo com Botafogo-SP"},"content":{"rendered":"<p><strong>Felip\u00e3o ganhou uma op\u00e7\u00e3o ofensiva para o duelo com o Botafogo-SP, na sexta-feira. O atacante William Pottker, contratado no \u00faltimo fim de semana junto ao Internacional, teve o contrato registrado no BID da CBF e fica \u00e0 disposi\u00e7\u00e3o para o duelo em Ribeir\u00e3o Preto.<\/strong><\/p>\n<p>Nome pedido por Luiz Felipe Scolari, o atacante de 26 anos passa a ser uma alternativa a Marquinhos Gabriel, por exemplo, que vem sendo muito criticado, mesmo com os triunfos recentes da equipe. Pottker realizou dois treinos com o elenco e, nesta quinta-feira, trabalhar\u00e1 novamente com os companheiros, j\u00e1 em Ribeir\u00e3o Preto.<\/p>\n<p>Desejo antigo da diretoria, Pottker esteve pr\u00f3ximo do Cruzeiro em julho, mas as negocia\u00e7\u00f5es esfriaram. As tratativas voltaram a esquentar com a chegada de Scolari, que inclusive ligou para o atacante na tentativa de seduzi-lo a vir para a Toca da Raposa. O meia Maur\u00edcio foi para o Internacional.<\/p>\n<p>William Pottker se encaixa no perfil de refor\u00e7os pretendidos por Felip\u00e3o para a S\u00e9rie B. o treinador considera o atual elenco cruzeirense como carente de experi\u00eancia. O jogador, al\u00e9m de ter rodagem, j\u00e1 disputou a competi\u00e7\u00e3o pelo Internacional, em 2017. Na ocasi\u00e3o, o Colorado enfrentou dificuldades no in\u00edcio, mas acabou conquistando o acesso.<\/p>\n<p>Apesar da clara prefer\u00eancia por atuar pelas beiradas do ataque, Pottker tamb\u00e9m pode ser uma alternativa de \u201cfalso 9\u201d, um centroavante com mais mobilidade. Felip\u00e3o, no entanto, costuma usar um jogador de mais refer\u00eancia na fun\u00e7\u00e3o, como vem utilizando Marcelo Moreno.<\/p>\n","protected":false},"excerpt":{"rendered":"<p>Felip\u00e3o ganhou uma op\u00e7\u00e3o ofensiva para o duelo com o Botafogo-SP, na sexta-feira. O atacante William Pottker, contratado no \u00faltimo fim de semana junto ao Internacional, teve o contrato registrado no BID da CBF e fica \u00e0 disposi\u00e7\u00e3o para o duelo em Ribeir\u00e3o Preto. Nome pedido por Luiz Felipe Scolari, o atacante de 26 anos passa a ser uma alternativa a Marquinhos Gabriel, por exemplo, que vem sendo muito criticado, mesmo com os triunfos recentes da equipe. Pottker realizou dois treinos com o elenco e, nesta quinta-feira, trabalhar\u00e1 novamente com os companheiros, j\u00e1 em Ribeir\u00e3o Preto. Desejo antigo da diretoria, [&hellip;]<\/p>\n","protected":false},"author":1,"featured_media":46175,"comment_status":"open","ping_status":"open","sticky":false,"template":"","format":"standard","meta":{"_links_to":"","_links_to_target":""},"categories":[9,1],"tags":[],"views":1907,"_links":{"self":[{"href":"https:\/\/www.brazilianpress.com\/v1\/wp-json\/wp\/v2\/posts\/46174"}],"collection":[{"href":"https:\/\/www.brazilianpress.com\/v1\/wp-json\/wp\/v2\/posts"}],"about":[{"href":"https:\/\/www.brazilianpress.com\/v1\/wp-json\/wp\/v2\/types\/post"}],"author":[{"embeddable":true,"href":"https:\/\/www.brazilianpress.com\/v1\/wp-json\/wp\/v2\/users\/1"}],"replies":[{"embeddable":true,"href":"https:\/\/www.brazilianpress.com\/v1\/wp-json\/wp\/v2\/comments?post=46174"}],"version-history":[{"count":1,"href":"https:\/\/www.brazilianpress.com\/v1\/wp-json\/wp\/v2\/posts\/46174\/revisions"}],"predecessor-version":[{"id":46176,"href":"https:\/\/www.brazilianpress.com\/v1\/wp-json\/wp\/v2\/posts\/46174\/revisions\/46176"}],"wp:featuredmedia":[{"embeddable":true,"href":"https:\/\/www.brazilianpress.com\/v1\/wp-json\/wp\/v2\/media\/46175"}],"wp:attachment":[{"href":"https:\/\/www.brazilianpress.com\/v1\/wp-json\/wp\/v2\/media?parent=46174"}],"wp:term":[{"taxonomy":"category","embeddable":true,"href":"https:\/\/www.brazilianpress.com\/v1\/wp-json\/wp\/v2\/categories?post=46174"},{"taxonomy":"post_tag","embeddable":true,"href":"https:\/\/www.brazilianpress.com\/v1\/wp-json\/wp\/v2\/tags?post=46174"}],"curies":[{"name":"wp","href":"https:\/\/api.w.org\/{rel}","templated":true}]}}