{"id":46180,"date":"2020-11-06T17:30:19","date_gmt":"2020-11-06T21:30:19","guid":{"rendered":"https:\/\/www.brazilianpress.com\/v1\/?p=46180"},"modified":"2020-11-06T17:30:19","modified_gmt":"2020-11-06T21:30:19","slug":"reino-unido-eleva-nivel-de-ameaca-de-terrorismo-para-grave","status":"publish","type":"post","link":"https:\/\/www.brazilianpress.com\/v1\/2020\/11\/06\/reino-unido-eleva-nivel-de-ameaca-de-terrorismo-para-grave\/","title":{"rendered":"Reino Unido eleva n\u00edvel de amea\u00e7a de terrorismo para &#8220;grave&#8221;"},"content":{"rendered":"<p><strong>O n\u00edvel de amea\u00e7a de terrorismo do Reino Unido foi elevado para &#8220;grave&#8221; por precau\u00e7\u00e3o, depois dos ataques na Fran\u00e7a e na \u00c1ustria, comunicou a ministra do Interior, Priti Patel, nessa\u00a0ter\u00e7a-feira (3).<\/strong><\/p>\n<p>A mudan\u00e7a, que significa que agora um ataque \u00e9 considerado altamente prov\u00e1vel, foi adotada um dia depois de um atirador, identificado como um jihadista condenado, matar quatro pessoas de madrugada em Viena. A Fran\u00e7a tamb\u00e9m sofreu tr\u00eas ataques nas \u00faltimas semanas.<\/p>\n<p>&#8220;Esta \u00e9 uma medida preventiva na esteira das inst\u00e2ncias terr\u00edveis que vimos na Fran\u00e7a na semana passada e dos eventos que vimos na \u00c1ustria&#8221;, disse Patel em pronunciamento pela televis\u00e3o.<\/p>\n<p>Ela afirmou que a popula\u00e7\u00e3o n\u00e3o deve ficar alarmada e que a mudan\u00e7a do n\u00edvel de amea\u00e7a n\u00e3o se baseia em nenhuma amea\u00e7a especifica.\u00a0O novo n\u00edvel de amea\u00e7a significa que um ataque \u00e9 altamente prov\u00e1vel, de acordo com o sistema de classifica\u00e7\u00e3o do governo. O n\u00edvel anterior, &#8220;consider\u00e1vel&#8221;, significava que um ataque era prov\u00e1vel.<\/p>\n<p>O n\u00edvel de amea\u00e7a brit\u00e2nico \u00e9 avaliado pelo Centro Conjunto de An\u00e1lise de Terrorismo, respons\u00e1vel pela ag\u00eancia de intelig\u00eancia\u00a0dom\u00e9stica MI5 e composto por representantes de 16 departamentos e ag\u00eancias governamentais. (ABr)<\/p>\n","protected":false},"excerpt":{"rendered":"<p>O n\u00edvel de amea\u00e7a de terrorismo do Reino Unido foi elevado para &#8220;grave&#8221; por precau\u00e7\u00e3o, depois dos ataques na Fran\u00e7a e na \u00c1ustria, comunicou a ministra do Interior, Priti Patel, nessa\u00a0ter\u00e7a-feira (3). A mudan\u00e7a, que significa que agora um ataque \u00e9 considerado altamente prov\u00e1vel, foi adotada um dia depois de um atirador, identificado como um jihadista condenado, matar quatro pessoas de madrugada em Viena. A Fran\u00e7a tamb\u00e9m sofreu tr\u00eas ataques nas \u00faltimas semanas. &#8220;Esta \u00e9 uma medida preventiva na esteira das inst\u00e2ncias terr\u00edveis que vimos na Fran\u00e7a na semana passada e dos eventos que vimos na \u00c1ustria&#8221;, disse Patel em [&hellip;]<\/p>\n","protected":false},"author":1,"featured_media":46181,"comment_status":"open","ping_status":"open","sticky":false,"template":"","format":"standard","meta":{"_links_to":"","_links_to_target":""},"categories":[8,1],"tags":[],"views":1696,"_links":{"self":[{"href":"https:\/\/www.brazilianpress.com\/v1\/wp-json\/wp\/v2\/posts\/46180"}],"collection":[{"href":"https:\/\/www.brazilianpress.com\/v1\/wp-json\/wp\/v2\/posts"}],"about":[{"href":"https:\/\/www.brazilianpress.com\/v1\/wp-json\/wp\/v2\/types\/post"}],"author":[{"embeddable":true,"href":"https:\/\/www.brazilianpress.com\/v1\/wp-json\/wp\/v2\/users\/1"}],"replies":[{"embeddable":true,"href":"https:\/\/www.brazilianpress.com\/v1\/wp-json\/wp\/v2\/comments?post=46180"}],"version-history":[{"count":1,"href":"https:\/\/www.brazilianpress.com\/v1\/wp-json\/wp\/v2\/posts\/46180\/revisions"}],"predecessor-version":[{"id":46182,"href":"https:\/\/www.brazilianpress.com\/v1\/wp-json\/wp\/v2\/posts\/46180\/revisions\/46182"}],"wp:featuredmedia":[{"embeddable":true,"href":"https:\/\/www.brazilianpress.com\/v1\/wp-json\/wp\/v2\/media\/46181"}],"wp:attachment":[{"href":"https:\/\/www.brazilianpress.com\/v1\/wp-json\/wp\/v2\/media?parent=46180"}],"wp:term":[{"taxonomy":"category","embeddable":true,"href":"https:\/\/www.brazilianpress.com\/v1\/wp-json\/wp\/v2\/categories?post=46180"},{"taxonomy":"post_tag","embeddable":true,"href":"https:\/\/www.brazilianpress.com\/v1\/wp-json\/wp\/v2\/tags?post=46180"}],"curies":[{"name":"wp","href":"https:\/\/api.w.org\/{rel}","templated":true}]}}