{"id":46190,"date":"2020-11-06T17:36:18","date_gmt":"2020-11-06T21:36:18","guid":{"rendered":"https:\/\/www.brazilianpress.com\/v1\/?p=46190"},"modified":"2020-11-06T17:36:18","modified_gmt":"2020-11-06T21:36:18","slug":"fraudes-ao-seguro-desemprego-em-alagoas-sao-alvo-de-operacao-da-pf","status":"publish","type":"post","link":"https:\/\/www.brazilianpress.com\/v1\/2020\/11\/06\/fraudes-ao-seguro-desemprego-em-alagoas-sao-alvo-de-operacao-da-pf\/","title":{"rendered":"Fraudes ao seguro-desemprego em Alagoas s\u00e3o alvo de opera\u00e7\u00e3o da PF"},"content":{"rendered":"<p><strong>A Pol\u00edcia Federal (PF) deflagrou ontem (quinta-feira 5), a Opera\u00e7\u00e3o Garapeiros, que investiga uma organiza\u00e7\u00e3o criminosa especializada em fraudar\u00a0o\u00a0seguro-desemprego no estado de Alagoas.<\/strong><\/p>\n<p>Na a\u00e7\u00e3o foram cumpridos quatro mandados de pris\u00e3o expedidos pela Justi\u00e7a Federal contra os principais envolvidos, al\u00e9m de 16 mandados de busca e apreens\u00e3o e sequestro\u00a0de bens e valores, todos na capital Macei\u00f3.<\/p>\n<p>\u201cO inqu\u00e9rito policial foi instaurado em abril desse ano e, desde ent\u00e3o, foram identificados significativos v\u00ednculos empregat\u00edcios fict\u00edcios com o objetivo de criar artificiosamente direito ao seguro-desemprego\u201d, explicou a PF.<\/p>\n<p>Os materiais apreendidos foram encaminhados \u00e0 sede da Pol\u00edcia Federal em Alagoas para os procedimentos cab\u00edveis. Os envolvidos responder\u00e3o pelos crimes de constitui\u00e7\u00e3o de organiza\u00e7\u00e3o criminosa, inser\u00e7\u00e3o de dados falsos em sistemas de informa\u00e7\u00f5es, peculato e estelionato, cujas penas m\u00e1ximas, se somadas, atingem 37 anos de reclus\u00e3o. (ABr)<\/p>\n","protected":false},"excerpt":{"rendered":"<p>A Pol\u00edcia Federal (PF) deflagrou ontem (quinta-feira 5), a Opera\u00e7\u00e3o Garapeiros, que investiga uma organiza\u00e7\u00e3o criminosa especializada em fraudar\u00a0o\u00a0seguro-desemprego no estado de Alagoas. Na a\u00e7\u00e3o foram cumpridos quatro mandados de pris\u00e3o expedidos pela Justi\u00e7a Federal contra os principais envolvidos, al\u00e9m de 16 mandados de busca e apreens\u00e3o e sequestro\u00a0de bens e valores, todos na capital Macei\u00f3. \u201cO inqu\u00e9rito policial foi instaurado em abril desse ano e, desde ent\u00e3o, foram identificados significativos v\u00ednculos empregat\u00edcios fict\u00edcios com o objetivo de criar artificiosamente direito ao seguro-desemprego\u201d, explicou a PF. Os materiais apreendidos foram encaminhados \u00e0 sede da Pol\u00edcia Federal em Alagoas para os [&hellip;]<\/p>\n","protected":false},"author":1,"featured_media":46191,"comment_status":"open","ping_status":"open","sticky":false,"template":"","format":"standard","meta":{"_links_to":"","_links_to_target":""},"categories":[7,1],"tags":[],"views":1320,"_links":{"self":[{"href":"https:\/\/www.brazilianpress.com\/v1\/wp-json\/wp\/v2\/posts\/46190"}],"collection":[{"href":"https:\/\/www.brazilianpress.com\/v1\/wp-json\/wp\/v2\/posts"}],"about":[{"href":"https:\/\/www.brazilianpress.com\/v1\/wp-json\/wp\/v2\/types\/post"}],"author":[{"embeddable":true,"href":"https:\/\/www.brazilianpress.com\/v1\/wp-json\/wp\/v2\/users\/1"}],"replies":[{"embeddable":true,"href":"https:\/\/www.brazilianpress.com\/v1\/wp-json\/wp\/v2\/comments?post=46190"}],"version-history":[{"count":1,"href":"https:\/\/www.brazilianpress.com\/v1\/wp-json\/wp\/v2\/posts\/46190\/revisions"}],"predecessor-version":[{"id":46192,"href":"https:\/\/www.brazilianpress.com\/v1\/wp-json\/wp\/v2\/posts\/46190\/revisions\/46192"}],"wp:featuredmedia":[{"embeddable":true,"href":"https:\/\/www.brazilianpress.com\/v1\/wp-json\/wp\/v2\/media\/46191"}],"wp:attachment":[{"href":"https:\/\/www.brazilianpress.com\/v1\/wp-json\/wp\/v2\/media?parent=46190"}],"wp:term":[{"taxonomy":"category","embeddable":true,"href":"https:\/\/www.brazilianpress.com\/v1\/wp-json\/wp\/v2\/categories?post=46190"},{"taxonomy":"post_tag","embeddable":true,"href":"https:\/\/www.brazilianpress.com\/v1\/wp-json\/wp\/v2\/tags?post=46190"}],"curies":[{"name":"wp","href":"https:\/\/api.w.org\/{rel}","templated":true}]}}