{"id":46193,"date":"2020-11-06T17:38:18","date_gmt":"2020-11-06T21:38:18","guid":{"rendered":"https:\/\/www.brazilianpress.com\/v1\/?p=46193"},"modified":"2020-11-06T17:38:18","modified_gmt":"2020-11-06T21:38:18","slug":"imigrantes-indocumentados-nao-serao-rastreados-durante-vacinacao-afirma-casa-branca","status":"publish","type":"post","link":"https:\/\/www.brazilianpress.com\/v1\/2020\/11\/06\/imigrantes-indocumentados-nao-serao-rastreados-durante-vacinacao-afirma-casa-branca\/","title":{"rendered":"Imigrantes indocumentados n\u00e3o ser\u00e3o rastreados durante vacina\u00e7\u00e3o, afirma Casa Branca"},"content":{"rendered":"<p><strong>Enquanto o governo federal na segunda-feira enviou a New York e outros estados um &#8220;acordo de compartilhamento de dados&#8221; necess\u00e1rio para a eventual distribui\u00e7\u00e3o de uma vacina COVID-19, na ter\u00e7a-feira atacou o governador Andrew Cuomo, que acusou o governo sobre a decis\u00e3o de Trump de usar o processo para compartilhar informa\u00e7\u00f5es confidenciais com as autoridades de imigra\u00e7\u00e3o e, assim, conseguir a identifica\u00e7\u00e3o de imigrantes sem documentos.\u00a0<\/strong><\/p>\n<p>O acordo de compartilhamento de dados exige informa\u00e7\u00f5es biogr\u00e1ficas b\u00e1sicas sobre aqueles que recebem as vacinas, disse Cuomo, incluindo idade, ra\u00e7a e sexo.\u00a0O presidente disse que o estado fornecer\u00e1 essas respostas, mas n\u00e3o os detalhes dos n\u00fameros dos passaportes, das carteiras de motorista ou da Previd\u00eancia Social que o acordo tamb\u00e9m busca, estimou.<\/p>\n<p>\u201cNo final da semana passada, os Centros de Controle e Preven\u00e7\u00e3o de Doen\u00e7as pediram a todos os estados que assinassem um acordo de uso de dados, que exige que os departamentos de sa\u00fade estaduais compartilhem as informa\u00e7\u00f5es pessoais de cada pessoa com o governo federal quando receber a vacina COVID-19, incluindo nome, endere\u00e7o, data de nascimento, etnia, ra\u00e7a e sexo, bem como um n\u00famero de identifica\u00e7\u00e3o \u00fanico para cada receptor da vacina.\u00a0O &#8216;n\u00famero de identifica\u00e7\u00e3o&#8217; geralmente se refere a um n\u00famero de seguran\u00e7a social, n\u00famero de carteira de motorista ou n\u00famero de passaporte \u201d, diz uma carta enviada por Cuomo ao governo Trump.<\/p>\n<p>\u201c(&#8230;) o governo federal deve informar aos estados exatamente por que esses dados s\u00e3o necess\u00e1rios, para que ser\u00e3o utilizados e como ser\u00e3o protegidos\u201d, acrescentou a carta.<\/p>\n<p>&#8220;(&#8230;) o acordo de uso de dados diz que essas informa\u00e7\u00f5es ser\u00e3o usadas pelo CDC, o Departamento de Sa\u00fade e Servi\u00e7os Humanos&#8221; e outros parceiros federais.<\/p>\n<p>&#8221;\u00a0Minha preocupa\u00e7\u00e3o \u00e9 que essas informa\u00e7\u00f5es, sem as devidas salvaguardas, possam ser usadas por ag\u00eancias n\u00e3o relacionadas \u00e0 sa\u00fade, como o Departamento de Seguran\u00e7a Interna dos Estados Unidos ou o Departamento de Imigra\u00e7\u00e3o e Alf\u00e2ndega para promover as pol\u00edticas anti-imigrantes desta administra\u00e7\u00e3o e sua busca incessante por indocumentados \u201d, acrescenta.<\/p>\n<p>Mas a Casa Branca revidou na ter\u00e7a-feira, no meio da elei\u00e7\u00e3o.<\/p>\n<p>&#8220;Sob nenhuma circunst\u00e2ncia o acordo de dados exigiria, solicitar, coletar ou reter n\u00fameros de seguridade social, n\u00fameros de passaporte ou n\u00fameros de carteira de motorista&#8221;, disse o porta-voz da Casa Branca Michael Bars.<\/p>\n<p>Bars disse que cada estado tem a op\u00e7\u00e3o de remover informa\u00e7\u00f5es de identifica\u00e7\u00e3o pessoal dos dados.<\/p>\n<p>Um porta-voz da Casa Branca encaminhou o documento compartilhado com os governadores na semana passada para explicar a pol\u00edtica criticada por Cuomo.<\/p>\n<p>As informa\u00e7\u00f5es de identifica\u00e7\u00e3o pessoal coletadas por meio do processo de vacina\u00e7\u00e3o s\u00e3o &#8220;extremamente necess\u00e1rias&#8221; pelos seguintes motivos: para garantir que as pessoas recebam as duas doses da vacina, para garantir a precis\u00e3o dos dados coletados sobre a vacina, para ter Informa\u00e7\u00f5es pessoais sobre os recipientes da vacina, caso algu\u00e9m adoe\u00e7a, e medem o sucesso da vacina em diferentes linhas demogr\u00e1ficas, detalhou o porta-voz.<\/p>\n<p>New York exige desde mar\u00e7o que os participantes dos testes mostrem uma c\u00f3pia da carteira de motorista.\u00a0As informa\u00e7\u00f5es da carteira de habilita\u00e7\u00e3o das pessoas que fizeram o teste foram registradas pelas pessoas que administraram os testes, incluindo seus endere\u00e7os.\u00a0Um porta-voz do Departamento de Sa\u00fade disse que os dados foram usados \u200b\u200bpara contatar as pessoas que recebem os testes.<\/p>\n","protected":false},"excerpt":{"rendered":"<p>Enquanto o governo federal na segunda-feira enviou a New York e outros estados um &#8220;acordo de compartilhamento de dados&#8221; necess\u00e1rio para a eventual distribui\u00e7\u00e3o de uma vacina COVID-19, na ter\u00e7a-feira atacou o governador Andrew Cuomo, que acusou o governo sobre a decis\u00e3o de Trump de usar o processo para compartilhar informa\u00e7\u00f5es confidenciais com as autoridades de imigra\u00e7\u00e3o e, assim, conseguir a identifica\u00e7\u00e3o de imigrantes sem documentos.\u00a0 O acordo de compartilhamento de dados exige informa\u00e7\u00f5es biogr\u00e1ficas b\u00e1sicas sobre aqueles que recebem as vacinas, disse Cuomo, incluindo idade, ra\u00e7a e sexo.\u00a0O presidente disse que o estado fornecer\u00e1 essas respostas, mas n\u00e3o os [&hellip;]<\/p>\n","protected":false},"author":1,"featured_media":41497,"comment_status":"open","ping_status":"open","sticky":false,"template":"","format":"standard","meta":{"_links_to":"","_links_to_target":""},"categories":[1,10],"tags":[],"views":1017,"_links":{"self":[{"href":"https:\/\/www.brazilianpress.com\/v1\/wp-json\/wp\/v2\/posts\/46193"}],"collection":[{"href":"https:\/\/www.brazilianpress.com\/v1\/wp-json\/wp\/v2\/posts"}],"about":[{"href":"https:\/\/www.brazilianpress.com\/v1\/wp-json\/wp\/v2\/types\/post"}],"author":[{"embeddable":true,"href":"https:\/\/www.brazilianpress.com\/v1\/wp-json\/wp\/v2\/users\/1"}],"replies":[{"embeddable":true,"href":"https:\/\/www.brazilianpress.com\/v1\/wp-json\/wp\/v2\/comments?post=46193"}],"version-history":[{"count":1,"href":"https:\/\/www.brazilianpress.com\/v1\/wp-json\/wp\/v2\/posts\/46193\/revisions"}],"predecessor-version":[{"id":46194,"href":"https:\/\/www.brazilianpress.com\/v1\/wp-json\/wp\/v2\/posts\/46193\/revisions\/46194"}],"wp:featuredmedia":[{"embeddable":true,"href":"https:\/\/www.brazilianpress.com\/v1\/wp-json\/wp\/v2\/media\/41497"}],"wp:attachment":[{"href":"https:\/\/www.brazilianpress.com\/v1\/wp-json\/wp\/v2\/media?parent=46193"}],"wp:term":[{"taxonomy":"category","embeddable":true,"href":"https:\/\/www.brazilianpress.com\/v1\/wp-json\/wp\/v2\/categories?post=46193"},{"taxonomy":"post_tag","embeddable":true,"href":"https:\/\/www.brazilianpress.com\/v1\/wp-json\/wp\/v2\/tags?post=46193"}],"curies":[{"name":"wp","href":"https:\/\/api.w.org\/{rel}","templated":true}]}}