{"id":46364,"date":"2020-11-20T16:46:33","date_gmt":"2020-11-20T20:46:33","guid":{"rendered":"https:\/\/www.brazilianpress.com\/v1\/?p=46364"},"modified":"2020-11-20T16:46:33","modified_gmt":"2020-11-20T20:46:33","slug":"galo-perde-em-casa-e-nao-aumenta-vantagem-na-ponta","status":"publish","type":"post","link":"https:\/\/www.brazilianpress.com\/v1\/2020\/11\/20\/galo-perde-em-casa-e-nao-aumenta-vantagem-na-ponta\/","title":{"rendered":"Galo perde em casa e n\u00e3o aumenta vantagem na ponta"},"content":{"rendered":"<p><strong>O Athletico venceu o Atl\u00e9tico-MG por 2 a 0 no Mineir\u00e3o e saiu da zona de rebaixamento para o 10\u00b0 lugar do Campeonato Brasileiro. Christian e Nik\u00e3o marcaram, ainda no primeiro tempo, os gols do jogo adiado da sexta rodada. Cheio de desfalques, principalmente por Covid-19, o Galo n\u00e3o rendeu como em jogos anteriores e desperdi\u00e7ou a chance de disparar na lideran\u00e7a. O time mineiro segue na ponta, mas apenas dois pontos \u00e0 frente do Internacional.<\/strong><\/p>\n<p>Tabela do Atl\u00e9tico-MG<\/p>\n<p>Com o resultado, o Atl\u00e9tico-MG desperdi\u00e7a a chance de abrir vantagem na lideran\u00e7a. O Galo segue com 38 pontos, dois \u00e0 frente do vice-l\u00edder, o Internacional. O pr\u00f3ximo desafio da equipe mineira ser\u00e1 contra o Cear\u00e1, \u00e0s 16h de domingo, na Arena Castel\u00e3o.<\/p>\n<p>Tabela do Athletico<\/p>\n<p>Com a terceira vit\u00f3ria seguida, o Furac\u00e3o sai da zona de rebaixamento e d\u00e1 um salto na tabela. Vai de 17\u00b0 para 10\u00b0, agora com 25 pontos. Os comandados de Paulo Autuori voltam a campo contra o Santos, no s\u00e1bado, \u00e0s 19h, na Arena da Baixada, pela 22\u00aa rodada.<\/p>\n<p>Antes tarde do que nunca<\/p>\n<p>O jogo entre Atl\u00e9tico-MG e Athletico seria no final de agosto, mas teve que ser adiado por conta da participa\u00e7\u00e3o do Galo na decis\u00e3o estadual. Como o Furac\u00e3o disputava tr\u00eas competi\u00e7\u00f5es (Brasileir\u00e3o, Libertadores e Copa do Brasil), a CBF n\u00e3o p\u00f4de marcar esta partida antes. Com a elimina\u00e7\u00e3o do Athletico no torneio nacional, a\u00ed sim o clube paranaense teve um intervalo para a disputa deste jogo, v\u00e1lido pela sexta rodada do Brasileir\u00e3o.<\/p>\n<p>Surto de Covid-19<\/p>\n<p>Sampaoli teve v\u00e1rios problemas para montar o Galo. O clube vive um surto com v\u00e1rios infectados pela Covid-19. Entre eles, o pr\u00f3prio treinador. Guga, R\u00e9ver, Allan e Vargas, que seriam titulares, tamb\u00e9m est\u00e3o com a doen\u00e7a e cumprem isolamento. Nesse cen\u00e1rio, o Atl\u00e9tico-MG teve uma escala\u00e7\u00e3o diferente, com nomes como Bueno e Gustavo Henrique entre os titulares.\u00a0Confira a lista de diagnosticados com o coronav\u00edrus.<\/p>\n<p>Primeiro tempo<\/p>\n<p>Cheio de desfalques, o Atl\u00e9tico-MG tentou tomar a iniciativa, mas encontrou um Athletico bem postado, com duas linhas de 4. O Galo at\u00e9 terminou o primeiro tempo com mais posse de bola (60% a 40%), mas o Furac\u00e3o mostrou mais efici\u00eancia e criou as melhores chances. Reinaldo parou em Everton, e Kayzer bateu perto. Aos 34, Erick lan\u00e7ou, Fernando Canesin cruzou para tr\u00e1s, e Christian bateu no alto &#8211; 1 a 0. E, aos 45, Nik\u00e3o recebeu de Kayzer, ajeitou para o meio e chutou forta da entrada da \u00e1rea. A bola desviou na marca\u00e7\u00e3o e balan\u00e7ou as redes &#8211; 2 a 0.<\/p>\n<p>Segundo tempo<\/p>\n<p>O Galo voltou com Nathan e Calebe nos lugares de Hyoran e Zaracho. A dificuldade para criar, por\u00e9m, persistia. Eduardo Sasha at\u00e9 acertou belo chute cruzado, mas Santos salvou. O Atl\u00e9tico-MG rondava a \u00e1rea e apostava em cruzamentos e chutes de longe. O time mineiro finalizou um total de 17 vezes, mas pecou na pontaria e deu pouco trabalho para o goleiro advers\u00e1rio. O Furac\u00e3o diminuiu o ritmo no segundo tempo, mas quase ampliou no fim. Bissoli parou duas vezes em Everson. Nada, por\u00e9m, que fizesse falta: vit\u00f3ria rubro-negra por 2 a 0 no Mineir\u00e3o.<\/p>\n<p>&nbsp;<\/p>\n","protected":false},"excerpt":{"rendered":"<p>O Athletico venceu o Atl\u00e9tico-MG por 2 a 0 no Mineir\u00e3o e saiu da zona de rebaixamento para o 10\u00b0 lugar do Campeonato Brasileiro. Christian e Nik\u00e3o marcaram, ainda no primeiro tempo, os gols do jogo adiado da sexta rodada. Cheio de desfalques, principalmente por Covid-19, o Galo n\u00e3o rendeu como em jogos anteriores e desperdi\u00e7ou a chance de disparar na lideran\u00e7a. O time mineiro segue na ponta, mas apenas dois pontos \u00e0 frente do Internacional. Tabela do Atl\u00e9tico-MG Com o resultado, o Atl\u00e9tico-MG desperdi\u00e7a a chance de abrir vantagem na lideran\u00e7a. O Galo segue com 38 pontos, dois \u00e0 [&hellip;]<\/p>\n","protected":false},"author":1,"featured_media":46365,"comment_status":"open","ping_status":"open","sticky":false,"template":"","format":"standard","meta":{"_links_to":"","_links_to_target":""},"categories":[9,1],"tags":[],"views":2428,"_links":{"self":[{"href":"https:\/\/www.brazilianpress.com\/v1\/wp-json\/wp\/v2\/posts\/46364"}],"collection":[{"href":"https:\/\/www.brazilianpress.com\/v1\/wp-json\/wp\/v2\/posts"}],"about":[{"href":"https:\/\/www.brazilianpress.com\/v1\/wp-json\/wp\/v2\/types\/post"}],"author":[{"embeddable":true,"href":"https:\/\/www.brazilianpress.com\/v1\/wp-json\/wp\/v2\/users\/1"}],"replies":[{"embeddable":true,"href":"https:\/\/www.brazilianpress.com\/v1\/wp-json\/wp\/v2\/comments?post=46364"}],"version-history":[{"count":1,"href":"https:\/\/www.brazilianpress.com\/v1\/wp-json\/wp\/v2\/posts\/46364\/revisions"}],"predecessor-version":[{"id":46366,"href":"https:\/\/www.brazilianpress.com\/v1\/wp-json\/wp\/v2\/posts\/46364\/revisions\/46366"}],"wp:featuredmedia":[{"embeddable":true,"href":"https:\/\/www.brazilianpress.com\/v1\/wp-json\/wp\/v2\/media\/46365"}],"wp:attachment":[{"href":"https:\/\/www.brazilianpress.com\/v1\/wp-json\/wp\/v2\/media?parent=46364"}],"wp:term":[{"taxonomy":"category","embeddable":true,"href":"https:\/\/www.brazilianpress.com\/v1\/wp-json\/wp\/v2\/categories?post=46364"},{"taxonomy":"post_tag","embeddable":true,"href":"https:\/\/www.brazilianpress.com\/v1\/wp-json\/wp\/v2\/tags?post=46364"}],"curies":[{"name":"wp","href":"https:\/\/api.w.org\/{rel}","templated":true}]}}