{"id":46367,"date":"2020-11-20T16:48:07","date_gmt":"2020-11-20T20:48:07","guid":{"rendered":"https:\/\/www.brazilianpress.com\/v1\/?p=46367"},"modified":"2020-11-20T16:48:07","modified_gmt":"2020-11-20T20:48:07","slug":"rafael-sobis-e-registrado-no-bid-e-fica-a-disposicao-do-cruzeiro-para-duelo-com-o-figueirense","status":"publish","type":"post","link":"https:\/\/www.brazilianpress.com\/v1\/2020\/11\/20\/rafael-sobis-e-registrado-no-bid-e-fica-a-disposicao-do-cruzeiro-para-duelo-com-o-figueirense\/","title":{"rendered":"Rafael Sobis \u00e9 registrado no BID e fica \u00e0 disposi\u00e7\u00e3o do Cruzeiro para duelo com o Figueirense"},"content":{"rendered":"<p><strong>Rafael Sobis est\u00e1 liberado para reestrear pelo Cruzeiro. O contrato do jogador foi publicado no BID da CBF, na tarde desta quarta-feira, e ele est\u00e1 \u00e0 disposi\u00e7\u00e3o de Felip\u00e3o para jogar contra o Figueirense, nesta sexta-feira, \u00e0s 21h30 (de Bras\u00edlia), pela 22\u00aa rodada da S\u00e9rie B do Brasileiro.<\/strong><\/p>\n<p>Como j\u00e1 vinha atuando com a camisa do Cear\u00e1, Sobis tem condi\u00e7\u00f5es, provavelmente, de jogar os 90 minutos, caso seja do interesse de Scolari. Ele tem 41 jogos e oito gols nesta temporada, mas n\u00e3o disputa uma partida completa desde mar\u00e7o.<\/p>\n<p>Ao longo da carreira, Sobis atuou pelas beiradas do ataque e tamb\u00e9m como camisa nove. Se Felip\u00e3o optar por utiliza-lo aberto, disputar\u00e1 vaga com William Pottker e Airton, atuais titulares. Marcelo Moreno \u00e9 o dono do comando de ataque neste momento.<\/p>\n<p>Al\u00e9m de Rafael Sobis, Felip\u00e3o tamb\u00e9m ganha as op\u00e7\u00f5es de Arthur Ca\u00edke (recuperado de les\u00e3o muscular) e Marcelo Moreno (que voltar\u00e1 da sele\u00e7\u00e3o boliviana nesta quarta-feira) para montar o ataque do Cruzeiro para sexta-feira. Por outro lado, William Pottker ser\u00e1 desfalque, por conta do vermelho levado contra o Guarani.<\/p>\n<p>Sendo assim, Felip\u00e3o ter\u00e1 a op\u00e7\u00e3o de escalar Sobis ou Arthur Ca\u00edke na vaga do suspenso. Welinton corre por fora nessa disputa. Airton, que vive boa fase, seguir\u00e1 na equipe, que dever\u00e1 contar com Moreno substituindo Sass\u00e1.<\/p>\n<p>&nbsp;<\/p>\n","protected":false},"excerpt":{"rendered":"<p>Rafael Sobis est\u00e1 liberado para reestrear pelo Cruzeiro. O contrato do jogador foi publicado no BID da CBF, na tarde desta quarta-feira, e ele est\u00e1 \u00e0 disposi\u00e7\u00e3o de Felip\u00e3o para jogar contra o Figueirense, nesta sexta-feira, \u00e0s 21h30 (de Bras\u00edlia), pela 22\u00aa rodada da S\u00e9rie B do Brasileiro. Como j\u00e1 vinha atuando com a camisa do Cear\u00e1, Sobis tem condi\u00e7\u00f5es, provavelmente, de jogar os 90 minutos, caso seja do interesse de Scolari. Ele tem 41 jogos e oito gols nesta temporada, mas n\u00e3o disputa uma partida completa desde mar\u00e7o. Ao longo da carreira, Sobis atuou pelas beiradas do ataque e [&hellip;]<\/p>\n","protected":false},"author":1,"featured_media":46368,"comment_status":"open","ping_status":"open","sticky":false,"template":"","format":"standard","meta":{"_links_to":"","_links_to_target":""},"categories":[9,1],"tags":[],"views":2361,"_links":{"self":[{"href":"https:\/\/www.brazilianpress.com\/v1\/wp-json\/wp\/v2\/posts\/46367"}],"collection":[{"href":"https:\/\/www.brazilianpress.com\/v1\/wp-json\/wp\/v2\/posts"}],"about":[{"href":"https:\/\/www.brazilianpress.com\/v1\/wp-json\/wp\/v2\/types\/post"}],"author":[{"embeddable":true,"href":"https:\/\/www.brazilianpress.com\/v1\/wp-json\/wp\/v2\/users\/1"}],"replies":[{"embeddable":true,"href":"https:\/\/www.brazilianpress.com\/v1\/wp-json\/wp\/v2\/comments?post=46367"}],"version-history":[{"count":1,"href":"https:\/\/www.brazilianpress.com\/v1\/wp-json\/wp\/v2\/posts\/46367\/revisions"}],"predecessor-version":[{"id":46369,"href":"https:\/\/www.brazilianpress.com\/v1\/wp-json\/wp\/v2\/posts\/46367\/revisions\/46369"}],"wp:featuredmedia":[{"embeddable":true,"href":"https:\/\/www.brazilianpress.com\/v1\/wp-json\/wp\/v2\/media\/46368"}],"wp:attachment":[{"href":"https:\/\/www.brazilianpress.com\/v1\/wp-json\/wp\/v2\/media?parent=46367"}],"wp:term":[{"taxonomy":"category","embeddable":true,"href":"https:\/\/www.brazilianpress.com\/v1\/wp-json\/wp\/v2\/categories?post=46367"},{"taxonomy":"post_tag","embeddable":true,"href":"https:\/\/www.brazilianpress.com\/v1\/wp-json\/wp\/v2\/tags?post=46367"}],"curies":[{"name":"wp","href":"https:\/\/api.w.org\/{rel}","templated":true}]}}