{"id":46370,"date":"2020-11-20T16:50:07","date_gmt":"2020-11-20T20:50:07","guid":{"rendered":"https:\/\/www.brazilianpress.com\/v1\/?p=46370"},"modified":"2020-11-20T16:50:07","modified_gmt":"2020-11-20T20:50:07","slug":"reino-unido-proibira-carros-a-gasolina-ate-2030-visando-zerar-emissoes","status":"publish","type":"post","link":"https:\/\/www.brazilianpress.com\/v1\/2020\/11\/20\/reino-unido-proibira-carros-a-gasolina-ate-2030-visando-zerar-emissoes\/","title":{"rendered":"Reino Unido proibir\u00e1 carros a gasolina at\u00e9 2030 visando zerar emiss\u00f5es"},"content":{"rendered":"<p><strong>O Reino Unido proibir\u00e1 a venda de novos carros e vans movidos a gasolina e diesel a partir de 2030, como parte do que o primeiro-ministro brit\u00e2nico, Boris Johnson, est\u00e1 alardeando como uma &#8220;revolu\u00e7\u00e3o verde&#8221; visando zerar as emiss\u00f5es de carbono do pa\u00eds at\u00e9 2050.<\/strong><\/p>\n<p>Johnson, cujo pa\u00eds enfrenta a crise de covid-19 mais mortal da Europa junto com duras negocia\u00e7\u00f5es comerciais do Brexit, quer ressaltar suas credenciais verdes, no que espera ser um recome\u00e7o para seu governo, ap\u00f3s a sa\u00edda de seu mais importante assessor.<\/p>\n<p>&#8220;Agora \u00e9 a hora de planejar uma recupera\u00e7\u00e3o verde com empregos de alta qualifica\u00e7\u00e3o que deem \u00e0s pessoas a satisfa\u00e7\u00e3o de saber que est\u00e3o ajudando a tornar o pa\u00eds mais limpo, mais verde e mais bonito&#8221;, disse Johnson em uma coluna publicada no jornal Financial Times.<\/p>\n<p>No ano passado, o Reino Unido se tornou o primeiro pa\u00eds do G7 [grupo composto por Alemanha, Canad\u00e1, Estados Unidos, Fran\u00e7a, It\u00e1lia, Jap\u00e3o e Reino Unido] a aprovar uma legisla\u00e7\u00e3o com a meta de zerar as emiss\u00f5es at\u00e9 2050, o que exigir\u00e1 mudan\u00e7as generalizadas na maneira como os brit\u00e2nicos viajam, usam a energia e se alimentam.<\/p>\n<p>No total, o plano mobilizar\u00e1 o equivalente a 16 bilh\u00f5es de d\u00f3lares de fundos do governo, sendo que tr\u00eas vezes deste valor vir\u00e3o do setor privado, criando e apoiando 250 mil empregos de alta qualifica\u00e7\u00e3o at\u00e9 2030, disse Johnson. (ABr)<\/p>\n","protected":false},"excerpt":{"rendered":"<p>O Reino Unido proibir\u00e1 a venda de novos carros e vans movidos a gasolina e diesel a partir de 2030, como parte do que o primeiro-ministro brit\u00e2nico, Boris Johnson, est\u00e1 alardeando como uma &#8220;revolu\u00e7\u00e3o verde&#8221; visando zerar as emiss\u00f5es de carbono do pa\u00eds at\u00e9 2050. Johnson, cujo pa\u00eds enfrenta a crise de covid-19 mais mortal da Europa junto com duras negocia\u00e7\u00f5es comerciais do Brexit, quer ressaltar suas credenciais verdes, no que espera ser um recome\u00e7o para seu governo, ap\u00f3s a sa\u00edda de seu mais importante assessor. &#8220;Agora \u00e9 a hora de planejar uma recupera\u00e7\u00e3o verde com empregos de alta qualifica\u00e7\u00e3o [&hellip;]<\/p>\n","protected":false},"author":1,"featured_media":43149,"comment_status":"open","ping_status":"open","sticky":false,"template":"","format":"standard","meta":{"_links_to":"","_links_to_target":""},"categories":[1,10],"tags":[],"views":2161,"_links":{"self":[{"href":"https:\/\/www.brazilianpress.com\/v1\/wp-json\/wp\/v2\/posts\/46370"}],"collection":[{"href":"https:\/\/www.brazilianpress.com\/v1\/wp-json\/wp\/v2\/posts"}],"about":[{"href":"https:\/\/www.brazilianpress.com\/v1\/wp-json\/wp\/v2\/types\/post"}],"author":[{"embeddable":true,"href":"https:\/\/www.brazilianpress.com\/v1\/wp-json\/wp\/v2\/users\/1"}],"replies":[{"embeddable":true,"href":"https:\/\/www.brazilianpress.com\/v1\/wp-json\/wp\/v2\/comments?post=46370"}],"version-history":[{"count":1,"href":"https:\/\/www.brazilianpress.com\/v1\/wp-json\/wp\/v2\/posts\/46370\/revisions"}],"predecessor-version":[{"id":46371,"href":"https:\/\/www.brazilianpress.com\/v1\/wp-json\/wp\/v2\/posts\/46370\/revisions\/46371"}],"wp:featuredmedia":[{"embeddable":true,"href":"https:\/\/www.brazilianpress.com\/v1\/wp-json\/wp\/v2\/media\/43149"}],"wp:attachment":[{"href":"https:\/\/www.brazilianpress.com\/v1\/wp-json\/wp\/v2\/media?parent=46370"}],"wp:term":[{"taxonomy":"category","embeddable":true,"href":"https:\/\/www.brazilianpress.com\/v1\/wp-json\/wp\/v2\/categories?post=46370"},{"taxonomy":"post_tag","embeddable":true,"href":"https:\/\/www.brazilianpress.com\/v1\/wp-json\/wp\/v2\/tags?post=46370"}],"curies":[{"name":"wp","href":"https:\/\/api.w.org\/{rel}","templated":true}]}}